{"id":2570,"date":"2021-08-10T15:03:19","date_gmt":"2021-08-10T15:03:19","guid":{"rendered":"https:\/\/www.academiadominicanahistoria.org.do\/?p=2570"},"modified":"2021-08-10T15:03:21","modified_gmt":"2021-08-10T15:03:21","slug":"mensaje-oficial-de-la-academia-dominicana-de-la-historia-en-el-158-aniversario-de-la-restauracion-de-la-republica","status":"publish","type":"post","link":"https:\/\/www.academiadominicanahistoria.org.do\/?p=2570","title":{"rendered":"Mensaje oficial de la Academia Dominicana de la Historia en el 158.\u00b0 Aniversario de la Restauraci\u00f3n de la Rep\u00fablica."},"content":{"rendered":"\n<p>La reincorporaci\u00f3n\ndel territorio que constitu\u00eda la Rep\u00fablica Dominicana a Espa\u00f1a en 1861, al\namparo de una falsa espontaneidad popular proclamada por el general Pedro\nSantana, conllev\u00f3 a que una ciudadan\u00eda hastiada por el sometimiento a m\u00faltiples\narbitrariedades se levantara en armas dos a\u00f1os despu\u00e9s para recuperar la\nsoberan\u00eda negociada de forma inconsulta. Desde Capotillo hasta a Hig\u00fcey y desde\nPuerto Plata hasta San Juan de la Maguana, uno de los ej\u00e9rcitos imperiales del\nsiglo XIX conoci\u00f3 de la decisi\u00f3n indoblegable de los dominicanos que lo redujo\na la insignificancia, volviendo el pa\u00eds a constituirse en la \u201crep\u00fablica libre,\nsoberana e independiente de toda dominaci\u00f3n extranjera\u02ee como lo postulara Juan\nPablo Duarte en el juramento trinitario. <\/p>\n\n\n\n<p>Desde la Guerra de la\nRestauraci\u00f3n los dominicanos hemos asistido a cambios en el estado de cosas\npara defender, como los restauradores, \u201cnuestros sacrosantos derechos\u201d.\nTraicionados y enga\u00f1ados como ellos con promesas incumplidas y ofertas\ndesmentidas, el descontento de las masas ha inspirado a otros a hacer valer la\nindependencia y la libertad conquistadas en 1844. <\/p>\n\n\n\n<p>En estos tiempos de\ncambios es v\u00e1lido evocar aquella gesta y a sus h\u00e9roes, recuperados para la\nmemoria hist\u00f3rica y la identidad patri\u00f3tica en Fiesta Nacional y ep\u00f3nimos de\nmunicipios, avenidas, calles y parques, para mostrar al pueblo que, en cada\nocasi\u00f3n en que se pretenda oprimir sus conquistas, aunque ello sea obra de un\nsolo hombre, podr\u00e1 volver sobre la senda del 16 de agosto de 1863 y eslabonar\nal hecho m\u00e1s trascendente que sigui\u00f3 a la proclamaci\u00f3n de la independencia de\nHait\u00ed&nbsp; nuevas p\u00e1ginas de coraje y\ndignidad. <\/p>\n\n\n\n<p>En este mes de agosto\ndel a\u00f1o 2021, en el que la Academia Dominicana de la Historia festeja el 90.\u00b0\naniversario de su instalaci\u00f3n, se exhorta a celebrar este nuevo aniversario de\nla Restauraci\u00f3n de la Rep\u00fablica como proclama el pre\u00e1mbulo de nuestra\nConstituci\u00f3n: guiados por el ideario de sus pr\u00f3ceres e inspirados en el ejemplo\nde lucha y sacrificio de sus h\u00e9roes. \u00a1Qu\u00e9 viva la Rep\u00fablica Dominicana!<\/p>\n\n\n\n<p>Santo Domingo, Rep\u00fablica Dominicana<\/p>\n\n\n\n<p>Agosto 2021<\/p>\n","protected":false},"excerpt":{"rendered":"<p>La reincorporaci\u00f3n del territorio que constitu\u00eda la Rep\u00fablica Dominicana a Espa\u00f1a en 1861, al amparo de una falsa espontaneidad popular proclamada por <\/p>\n","protected":false},"author":1,"featured_media":2572,"comment_status":"closed","ping_status":"closed","sticky":false,"template":"","format":"standard","meta":[],"categories":[6],"tags":[],"_links":{"self":[{"href":"https:\/\/www.academiadominicanahistoria.org.do\/index.php?rest_route=\/wp\/v2\/posts\/2570"}],"collection":[{"href":"https:\/\/www.academiadominicanahistoria.org.do\/index.php?rest_route=\/wp\/v2\/posts"}],"about":[{"href":"https:\/\/www.academiadominicanahistoria.org.do\/index.php?rest_route=\/wp\/v2\/types\/post"}],"author":[{"embeddable":true,"href":"https:\/\/www.academiadominicanahistoria.org.do\/index.php?rest_route=\/wp\/v2\/users\/1"}],"replies":[{"embeddable":true,"href":"https:\/\/www.academiadominicanahistoria.org.do\/index.php?rest_route=%2Fwp%2Fv2%2Fcomments&post=2570"}],"version-history":[{"count":1,"href":"https:\/\/www.academiadominicanahistoria.org.do\/index.php?rest_route=\/wp\/v2\/posts\/2570\/revisions"}],"predecessor-version":[{"id":2573,"href":"https:\/\/www.academiadominicanahistoria.org.do\/index.php?rest_route=\/wp\/v2\/posts\/2570\/revisions\/2573"}],"wp:featuredmedia":[{"embeddable":true,"href":"https:\/\/www.academiadominicanahistoria.org.do\/index.php?rest_route=\/wp\/v2\/media\/2572"}],"wp:attachment":[{"href":"https:\/\/www.academiadominicanahistoria.org.do\/index.php?rest_route=%2Fwp%2Fv2%2Fmedia&parent=2570"}],"wp:term":[{"taxonomy":"category","embeddable":true,"href":"https:\/\/www.academiadominicanahistoria.org.do\/index.php?rest_route=%2Fwp%2Fv2%2Fcategories&post=2570"},{"taxonomy":"post_tag","embeddable":true,"href":"https:\/\/www.academiadominicanahistoria.org.do\/index.php?rest_route=%2Fwp%2Fv2%2Ftags&post=2570"}],"curies":[{"name":"wp","href":"https:\/\/api.w.org\/{rel}","templated":true}]}}