{"id":2760,"date":"2022-01-12T12:00:34","date_gmt":"2022-01-12T12:00:34","guid":{"rendered":"https:\/\/www.academiadominicanahistoria.org.do\/?p=2760"},"modified":"2022-01-13T12:02:25","modified_gmt":"2022-01-13T12:02:25","slug":"13-de-enero-dia-nacional-del-historiador%cb%ae","status":"publish","type":"post","link":"https:\/\/www.academiadominicanahistoria.org.do\/?p=2760","title":{"rendered":"13 de enero \u201cD\u00eda Nacional del Historiador\u02ee"},"content":{"rendered":"\n<p style=\"color:#0f8708;text-align:center\" class=\"has-text-color has-medium-font-size\"><strong> \u00bfQu\u00e9 es un historiador? <\/strong><\/p>\n\n\n\n<blockquote class=\"wp-block-quote is-style-large\"><p><\/p><cite>1. \u00abEl historiador es un fabricante de relatos con los que pretende representar y  reconstruir el pasado a partir de objetos y dem\u00e1s fragmentos de la memoria social  considerados como documentos\u00bb.<br><br>                                                                        <strong>Frank Moya Pons, historiador dominicano.<\/strong><\/cite><\/blockquote>\n\n\n\n<blockquote style=\"text-align:left\" class=\"wp-block-quote is-style-large\"><p><\/p><cite> 2. \u00abHistoriador implica profesionalidad en el conocimiento de la evoluci\u00f3n de la  humanidad en el tiempo a base de m\u00e9todos especializados\u00bb.  <br>                                                                                          <br>                                                                                 Roberto Cass\u00e1, historiador dominicano.<\/cite><\/blockquote>\n\n\n\n<blockquote style=\"text-align:left\" class=\"wp-block-quote is-style-large\"><p><\/p><cite>  3. \u00abEs un cient\u00edfico social que se consagra al estudio de la Historia. Y para dar con la  verdad de los hechos y las ideas, utiliza teor\u00edas y se sujeta a procedimientos  metodol\u00f3gicos\u00bb. <br><br>                                                                       Fernando P\u00e9rez Mem\u00e9n, historiador dominicano. <\/cite><\/blockquote>\n\n\n\n<blockquote style=\"text-align:left\" class=\"wp-block-quote is-style-large\"><p><\/p><cite>   4. \u00abUn historiador debe ser un ser humano que con sinceridad se dedica a escudri\u00f1ar el pasado de sus cong\u00e9neres para ver algo de la raz\u00f3n de por qu\u00e9 el presente es como es. Si adem\u00e1s de eso, logra un m\u00e9todo de seguir investigando otros tiempos y lugares, estar\u00e1 en el camino de descubrir la finalidad de la habr\u00e1 descubierto tambi\u00e9n una historia duradera\u00bb.<br><br> Jos\u00e9 Luis S\u00e1ez, historiador dominicano. <\/cite><\/blockquote>\n\n\n\n<blockquote style=\"text-align:left\" class=\"wp-block-quote is-style-large\"><p><\/p><cite>   5. \u00abLa base de un historiador condensa la atenci\u00f3n en el pasado, el presente y el  porvenir de una \u00e9poca de una naci\u00f3n. El quehacer vital fecunda en ideas, con datos  sobresalientes y de completa complejidad social, y convierte a la historia en una  \u201cnorma\u02ee. Puede decirse que es la memoria de todos los integrantes de la sociedad;  ella adopta el car\u00e1cter cronol\u00f3gico de la vida, y por eso se pueden presentar los  hechos en la variabilidad humana, casi infinita\u00bb. <br><br>Wilfredo Mora, antrop\u00f3logo dominican <\/cite><\/blockquote>\n\n\n\n<blockquote style=\"text-align:left\" class=\"wp-block-quote is-style-large\"><p><\/p><cite>   6. \u00abEl historiador es necesariamente selectivo. La creencia en un n\u00facleo \u00f3seo de  hechos hist\u00f3ricos existentes objetivamente y con independencia de la  interpretaci\u00f3n del historiador es una falacia absurda, pero dificil\u00edsima de  desarraigar\u00bb.<br><br> Edward Hallett Carr, historiador brit\u00e1nico \u00bfQu\u00e9 es la historia? Barcelona, Editorial Ariel, 1984, p. 16 <\/cite><\/blockquote>\n\n\n\n<blockquote style=\"text-align:left\" class=\"wp-block-quote is-style-large\"><p><\/p><cite>   7. \u00abLa funci\u00f3n del historiador no es ni amar el pasado ni emanciparse de \u00e9l, sino  dominarlo y comprenderlo, como clave para la comprensi\u00f3n del presente\u00bb. <br><br>Edward Hallett Carr, historiador brit\u00e1nico \u00bfQu\u00e9 es la historia? Barcelona, Editorial Ariel, 1984, p. 34. <\/cite><\/blockquote>\n\n\n\n<blockquote style=\"text-align:left\" class=\"wp-block-quote is-style-large\"><p><\/p><cite>    8. \u00abAntes de estudiar la historia, est\u00fadiese el historiador (\u2026). Antes de estudiar al  historiador, est\u00fadiese su ambiente hist\u00f3rico y social. El historiador, siendo \u00e9l un  individuo, es asimismo producto de la historia y de la sociedad; y desde este doble  punto de vista tiene el estudioso de la historia que aprender a analizarle\u00bb. <br><br>Edward Hallett Carr, historiador brit\u00e1nico \u00bfQu\u00e9 es la historia? Barcelona, Editorial Ariel, 1984, p. 58 <\/cite><\/blockquote>\n\n\n\n<blockquote style=\"text-align:left\" class=\"wp-block-quote is-style-large\"><p><\/p><cite>     9. \u00abEl historiador serio es aquel que reconoce el car\u00e1cter hist\u00f3ricamente  condicionado de todos los valores, y no quien reclama para sus propios valores  una objetividad m\u00e1s ala del alcance de la historia. Las convicciones que  abrigamos y los puntos de referencia de que partimos en nuestros juicios son parte  de la historia, y son tan susceptibles de investigaci\u00f3n hist\u00f3rica como cualquier  otro aspecto de la conducta humana\u00bb.<br><br> Edward Hallett Carr, historiador brit\u00e1nico \u00bfQu\u00e9 es la historia? Barcelona, Editorial Ariel, 1984, p. 113 <\/cite><\/blockquote>\n\n\n\n<blockquote style=\"text-align:left\" class=\"wp-block-quote is-style-large\"><p><\/p><cite>      10. \u00abEl historiador (\u2026.), pregunta continuamente, \u00bfPor qu\u00e9?; y mientras espera poder  dar una contestaci\u00f3n, no hay descanso para \u00e9l. El gran historiador (\u2026) es el  hombre que plantea la pregunta: \u00bfPor qu\u00e9? acerca de cosas nuevas o en contextos  nuevos\u00bb. <br><br>Edward Hallett Carr, historiador brit\u00e1nico \u00bfQu\u00e9 es la historia? Barcelona, Editorial Ariel, 1984, p. 117 <\/cite><\/blockquote>\n\n\n\n<blockquote class=\"wp-block-quote is-style-large\"><p><\/p><cite>       11. \u00abAs\u00ed que los historiadores deben leer y deben saber qu\u00e9 leer; ese conocimiento,  ese inter\u00e9s y, s\u00ed, ese apetito, no solo les enriquecer\u00e1 la mente, sino que servir\u00e1 de  gu\u00eda e inspiraci\u00f3n a lo que escriban. En la larga y triste historia de la humanidad  se ha sabido de algunos poetas y escritores geniales que le\u00edan poco. Pero \u00bfde  buenos historiadores\u00bb.<br><br> John Lukacs, historiador estadounidense. \u201cEl futuro de la Historia\u02ee. Madrid, Ministerio de Cultura, 2011.p. 88) <\/cite><\/blockquote>\n\n\n\n<blockquote class=\"wp-block-quote is-style-large\"><p><\/p><cite>        12. \u00abEl historiador, como el novelista, cuenta una historia; la historia de un trocito del  pasado; el historiador describe (m\u00e1s que \u201cdefine\u201d). El novelista lo tiene m\u00e1s f\u00e1cil:  puede inventarse personas que no existieron y hechos que no sucedieron. Eso no  est\u00e1 al alance del historiador, que no puede describir ni personas ni sucesos que no  existieran: debe limitarse a los hombres y mujeres que vivieron de verdad. Debe  apoyarse en las pruebas de sus actos y de sus palabras aunque, como el novelista,  se vea obligado a hacer ciertas conjeturas sobre lo que pensaban\u00bb. <br><br>John Lukacs, historiador estadounidense. \u201cEl futuro de la Historia\u02ee. Madrid, Ministerio de Cultura, 2011.p. 10 <\/cite><\/blockquote>\n\n\n\n<blockquote style=\"text-align:left\" class=\"wp-block-quote is-style-large\"><p><\/p><cite>         13. \u00abEl historiador, al examinar su presente, suele plantearle preguntas concretas.  Trata de explicar tal o cual caracter\u00edstica de su situaci\u00f3n que le importa  especialmente, porque su comprensi\u00f3n permitir\u00e1 orientar la vida en la realizaci\u00f3n  de un prop\u00f3sito concreto. Entonces, al inter\u00e9s general por conocer se a\u00f1ade un  inter\u00e9s particular que depende de la situaci\u00f3n concreta del historiador\u00bb.  <br><br>Luis Villoro, fil\u00f3sofo y ensayista mexicano. \u201cEl sentido de la Historia\u02ee (1980). <\/cite><\/blockquote>\n\n\n\n<blockquote style=\"text-align:left\" class=\"wp-block-quote is-style-large\"><p><\/p><cite>          14. \u00abEl historiador se empe\u00f1a en probar que su interpretaci\u00f3n est\u00e1 de acuerdo con los  documentos. La verdad de la proposici\u00f3n conduce a la conformidad del relato con  los acontecimientos. O bien se trata de una relaci\u00f3n general, y as\u00ed interviene la  causalidad, mas solo con el fin de confirmar la regularidad (la estad\u00edstica basta  para la covariaciones en el interior de una sociedad dada; las comparaciones  met\u00f3dicas se imponen para los encadenamientos frecuentes o necesarios, de  generalidad mayor). En otros t\u00e9rminos, la correspondencia con los hechos  permanece indispensable para todo juicio cient\u00edfico, puesto que constituye el  principio y la garant\u00eda de verdad\u00bb. <br><br>Raymond Aron, fil\u00f3sofo, soci\u00f3logo y polit\u00f3logo franc\u00e9s. (1905-1983). <\/cite><\/blockquote>\n\n\n\n<blockquote style=\"text-align:left\" class=\"wp-block-quote is-style-large\"><p><\/p><cite>          15. \u00abLos historiadores no deben confundir en efecto, como han hecho muchas veces  hasta ahora, la idea de mundializaci\u00f3n con la de uniformizaci\u00f3n. Hay dos etapas  en la globalizaci\u00f3n: la primera consiste en la comunicaci\u00f3n y en vincular a las  regiones y civilizaciones que se desconoc\u00edan; la segunda es un fen\u00f3meno de  absorci\u00f3n, de fusi\u00f3n. Hasta hoy la humanidad solo ha conocido la primera de esas  dos etapas. La periodizaci\u00f3n es, por tanto, un campo mayor de investigaci\u00f3n y reflexi\u00f3n para  los historiadores contempor\u00e1neos. Gracias a ella se entiende la forma en que se  organiza y evoluciona la humanidad, en la duraci\u00f3n y el tiempo\u00bb. <br><br>Jacques Le Goff, historiador franc\u00e9s. \u00bf\u201cRealmente es necesario cortar la historia en rebanadas\u02ee? (2016). <\/cite><\/blockquote>\n\n\n\n<blockquote style=\"text-align:left\" class=\"wp-block-quote is-style-large\"><p><\/p><cite>          16. \u00abEsos historiadores que saben hacer su trabajo nos hacen vivir como si  estuvi\u00e9ramos all\u00ed, ya digo. Escriben con la obligaci\u00f3n de decir la verdad y de  hacerlo veros\u00edmilmente. Son los suyos libros que nos instruyen. Nos gusta leerlos  con la satisfacci\u00f3n que procura una precisa y efectiva prosa, una escritura erudita  con personajes cre\u00edbles y situaciones bien reales. Los historiadores han de abordar sus asuntos como si sus lectores no tuvieran  inter\u00e9s alguno en el objeto relatado. Deben captarlos y retenerlos. Los  historiadores han de presentar sus obras como si sus destinatarios carecieran de  informaci\u00f3n previa. \u00bfPara qu\u00e9? \u00bfPara tomarlos por ignorantes? No, por  descontado, deben hacerlo as\u00ed para no dar nada por supuesto y sabido. Es decir,  han de explicarse. Hay que explicarse bien, incluso requetebi\u00e9n, con solvencia y contundencia.  Debemos tener una gran capacidad de saber lo que es un archivo, debemos saber  qu\u00e9 hay detr\u00e1s de un legajo, de un expediente; qu\u00e9 hay detr\u00e1s de la acci\u00f3n y la  postura, de la representaci\u00f3n, de la actuaci\u00f3n y de la naturalidad real o  impostada\u00bb. <br><br>Justo Serna, catedr\u00e1tico espa\u00f1ol \u201cEl pasado no existe\u02ee (2016). <\/cite><\/blockquote>\n\n\n\n<blockquote style=\"text-align:left\" class=\"wp-block-quote is-style-large\"><p><\/p><cite>           17. \u00abPero el historiador debe saber comunicar, transmitir, apasionarse con lo que dice  y escribe. Nada nos puede resultar indiferente. La historia no se reduce a saber de  experto. Ahora bien, los historiadores no quieren que su disciplina sea confundida  con la ficci\u00f3n, con un g\u00e9nero literario que inventa, que fabula. Lo que en un  novelista es cualidad \u02d7 el genio y la fantas\u00eda\u02d7, en un historiador es una grave  licencia, una arbitrariedad y hasta deshonestidad\u00bb. <br><br>Justo Serna, catedr\u00e1tico espa\u00f1ol \u201cEl pasado no existe\u02ee (2016) <\/cite><\/blockquote>\n\n\n\n<p><\/p>\n","protected":false},"excerpt":{"rendered":"<p>\u00bfQu\u00e9 es un historiador? 1. \u00abEl historiador es un fabricante de relatos con los que pretende representar y reconstruir el pasado a partir de objetos y de<\/p>\n","protected":false},"author":1,"featured_media":19,"comment_status":"closed","ping_status":"closed","sticky":false,"template":"","format":"standard","meta":[],"categories":[6],"tags":[],"_links":{"self":[{"href":"https:\/\/www.academiadominicanahistoria.org.do\/index.php?rest_route=\/wp\/v2\/posts\/2760"}],"collection":[{"href":"https:\/\/www.academiadominicanahistoria.org.do\/index.php?rest_route=\/wp\/v2\/posts"}],"about":[{"href":"https:\/\/www.academiadominicanahistoria.org.do\/index.php?rest_route=\/wp\/v2\/types\/post"}],"author":[{"embeddable":true,"href":"https:\/\/www.academiadominicanahistoria.org.do\/index.php?rest_route=\/wp\/v2\/users\/1"}],"replies":[{"embeddable":true,"href":"https:\/\/www.academiadominicanahistoria.org.do\/index.php?rest_route=%2Fwp%2Fv2%2Fcomments&post=2760"}],"version-history":[{"count":7,"href":"https:\/\/www.academiadominicanahistoria.org.do\/index.php?rest_route=\/wp\/v2\/posts\/2760\/revisions"}],"predecessor-version":[{"id":2767,"href":"https:\/\/www.academiadominicanahistoria.org.do\/index.php?rest_route=\/wp\/v2\/posts\/2760\/revisions\/2767"}],"wp:featuredmedia":[{"embeddable":true,"href":"https:\/\/www.academiadominicanahistoria.org.do\/index.php?rest_route=\/wp\/v2\/media\/19"}],"wp:attachment":[{"href":"https:\/\/www.academiadominicanahistoria.org.do\/index.php?rest_route=%2Fwp%2Fv2%2Fmedia&parent=2760"}],"wp:term":[{"taxonomy":"category","embeddable":true,"href":"https:\/\/www.academiadominicanahistoria.org.do\/index.php?rest_route=%2Fwp%2Fv2%2Fcategories&post=2760"},{"taxonomy":"post_tag","embeddable":true,"href":"https:\/\/www.academiadominicanahistoria.org.do\/index.php?rest_route=%2Fwp%2Fv2%2Ftags&post=2760"}],"curies":[{"name":"wp","href":"https:\/\/api.w.org\/{rel}","templated":true}]}}