{"id":2929,"date":"2022-09-26T03:46:18","date_gmt":"2022-09-26T03:46:18","guid":{"rendered":"https:\/\/www.academiadominicanahistoria.org.do\/?p=2929"},"modified":"2022-09-30T20:27:18","modified_gmt":"2022-09-30T20:27:18","slug":"circulara-ensayo-historico-sobre-elecciones-de-1994","status":"publish","type":"post","link":"https:\/\/www.academiadominicanahistoria.org.do\/?p=2929","title":{"rendered":"Circular\u00e1 ensayo hist\u00f3rico sobre elecciones de 1994."},"content":{"rendered":"\n<p>Un nuevo ensayo del historiador Bernardo Vega, titulado \u00abLas dolosas elecciones de 1994 y su coincidencia con el embargo contra Hait\u00ed\u00bb,  ser\u00e1 puesto a circular con el auspicio de la Academia Dominicana de la Historia.<\/p>\n\n\n\n<p>El acto&nbsp; de puesta en circulaci\u00f3n tendr\u00e1\nlugar el marte3 27 de septiembre, a las 7 de la noche, en el sal\u00f3n de actos\n\u00abFray Cipriano de Utrera\u00bb en la sede principal de la instituci\u00f3n acad\u00e9mica, sita en la calle Mercedes No. 204,\nde la\nzona colonial.<\/p>\n\n\n\n<p>La &nbsp;presentaci\u00f3n&nbsp;&nbsp;&nbsp; de &nbsp;la &nbsp;obra &nbsp;estar\u00e1 &nbsp;a &nbsp;cargo &nbsp;del\n&nbsp;polit\u00f3logo\n&nbsp;y diplom\u00e1tico doctor Flavio Dar\u00edo\nEspinal, quien es el prologuista del libro.<\/p>\n\n\n\n<p>En este nuevo\nlibro, el historiador Vega examina las interioridades de las elecciones presidenciales de 1994 y la soluci\u00f3n\npragm\u00e1tica que se acord\u00f3 a fin de solucionar la crisis pol\u00edtica\nque gener\u00f3 el fraude electoral. Asimismo, el autor\naborda, con el apoyo de testimonios de importantes actores directos, el impacto internacional que tuvo la crisis dominicana, que coincidi\u00f3\ncon el embargo establecido por las Naciones\nUnidas y la OEA contra Hait\u00ed.<\/p>\n\n\n\n<p>El historiador Bernardo\nVega es autor de 78 libros,\nla mayor\u00eda sobre temas hist\u00f3ricos, econ\u00f3micos y arqueol\u00f3gicos. Ha sido presidente de la Academia Dominicana de la Historia\ny de la Sociedad Dominicana de Bibli\u00f3filos. Ha impartido docencia\nen la Universidad Aut\u00f3noma de Santo Domingo y en la Pontificia Universidad Cat\u00f3lica Madre y Maestra.<\/p>\n\n\n\n<p>En el sector p\u00fablico\nha desempe\u00f1ado importantes funciones, como gobernador del Banco Central\ny embajador de la Rep\u00fablica\nDominicana ante la Casa Blanca, en Washington.<\/p>\n\n\n\n<p>Es el principal ejecutivo\nde la Fundaci\u00f3n Cultural Dominicana, una editora con m\u00e1s de cuarenta\na\u00f1os de existencia.<\/p>\n","protected":false},"excerpt":{"rendered":"<p>Un nuevo ensayo del historiador Bernardo Vega, titulado \u00abLas dolosas elecciones de 1994 y su coincidencia con el embargo contra Hait\u00ed\u00bb, ser\u00e1 puesto a c<\/p>\n","protected":false},"author":1,"featured_media":2931,"comment_status":"closed","ping_status":"closed","sticky":false,"template":"","format":"standard","meta":[],"categories":[6],"tags":[],"_links":{"self":[{"href":"https:\/\/www.academiadominicanahistoria.org.do\/index.php?rest_route=\/wp\/v2\/posts\/2929"}],"collection":[{"href":"https:\/\/www.academiadominicanahistoria.org.do\/index.php?rest_route=\/wp\/v2\/posts"}],"about":[{"href":"https:\/\/www.academiadominicanahistoria.org.do\/index.php?rest_route=\/wp\/v2\/types\/post"}],"author":[{"embeddable":true,"href":"https:\/\/www.academiadominicanahistoria.org.do\/index.php?rest_route=\/wp\/v2\/users\/1"}],"replies":[{"embeddable":true,"href":"https:\/\/www.academiadominicanahistoria.org.do\/index.php?rest_route=%2Fwp%2Fv2%2Fcomments&post=2929"}],"version-history":[{"count":2,"href":"https:\/\/www.academiadominicanahistoria.org.do\/index.php?rest_route=\/wp\/v2\/posts\/2929\/revisions"}],"predecessor-version":[{"id":2933,"href":"https:\/\/www.academiadominicanahistoria.org.do\/index.php?rest_route=\/wp\/v2\/posts\/2929\/revisions\/2933"}],"wp:featuredmedia":[{"embeddable":true,"href":"https:\/\/www.academiadominicanahistoria.org.do\/index.php?rest_route=\/wp\/v2\/media\/2931"}],"wp:attachment":[{"href":"https:\/\/www.academiadominicanahistoria.org.do\/index.php?rest_route=%2Fwp%2Fv2%2Fmedia&parent=2929"}],"wp:term":[{"taxonomy":"category","embeddable":true,"href":"https:\/\/www.academiadominicanahistoria.org.do\/index.php?rest_route=%2Fwp%2Fv2%2Fcategories&post=2929"},{"taxonomy":"post_tag","embeddable":true,"href":"https:\/\/www.academiadominicanahistoria.org.do\/index.php?rest_route=%2Fwp%2Fv2%2Ftags&post=2929"}],"curies":[{"name":"wp","href":"https:\/\/api.w.org\/{rel}","templated":true}]}}