{"id":3015,"date":"2023-01-18T15:48:47","date_gmt":"2023-01-18T15:48:47","guid":{"rendered":"https:\/\/www.academiadominicanahistoria.org.do\/?p=3015"},"modified":"2023-01-18T15:48:49","modified_gmt":"2023-01-18T15:48:49","slug":"invitacion-al-acto-de-ingreso-a-la-institucion-como-miembro-de-numero-de-eduardo-j-tejera-martes-31-de-enero-de-2023","status":"publish","type":"post","link":"https:\/\/www.academiadominicanahistoria.org.do\/?p=3015","title":{"rendered":"Invitaci\u00f3n al acto de ingreso a la Instituci\u00f3n como miembro de n\u00famero de Eduardo J. Tejera. Martes 31 de enero de 2023."},"content":{"rendered":"\n<p>La Academia Dominicana de la Historia se complace en invitar al acto de ingreso a la instituci\u00f3n como<br><strong>miembro de n\u00famero de Eduardo J. Tejera<\/strong>.<br><br>Su discurso versar\u00e1 sobre el tema Or\u00edgenes y deterioro de la crisis de la deuda externa en el siglo XIX.<br>El discurso de recepci\u00f3n ser\u00e1 pronunciado por el Lic. Jos\u00e9 Del Castillo, miembro de n\u00famero de la Academia.<br><br>Se efectuar\u00e1 el martes 31 de enero de 2023. Hora: 7: 00 de la noche.<br>Lugar: Sala de Conferencias Fr. Cipriano de Utrera O.F.M. Cap., Academia Dominicana de la Historia,<br>Calle Mercedes n\u00fam. 204, Ciudad Colonial de Santo Domingo, Rep\u00fablica Dominicana.<\/p>\n","protected":false},"excerpt":{"rendered":"<p>La Academia Dominicana de la Historia se complace en invitar al acto de ingreso a la instituci\u00f3n comomiembro de n\u00famero de Eduardo J. Tejera. Su discurso <\/p>\n","protected":false},"author":1,"featured_media":3013,"comment_status":"closed","ping_status":"closed","sticky":false,"template":"","format":"standard","meta":[],"categories":[6],"tags":[],"_links":{"self":[{"href":"https:\/\/www.academiadominicanahistoria.org.do\/index.php?rest_route=\/wp\/v2\/posts\/3015"}],"collection":[{"href":"https:\/\/www.academiadominicanahistoria.org.do\/index.php?rest_route=\/wp\/v2\/posts"}],"about":[{"href":"https:\/\/www.academiadominicanahistoria.org.do\/index.php?rest_route=\/wp\/v2\/types\/post"}],"author":[{"embeddable":true,"href":"https:\/\/www.academiadominicanahistoria.org.do\/index.php?rest_route=\/wp\/v2\/users\/1"}],"replies":[{"embeddable":true,"href":"https:\/\/www.academiadominicanahistoria.org.do\/index.php?rest_route=%2Fwp%2Fv2%2Fcomments&post=3015"}],"version-history":[{"count":1,"href":"https:\/\/www.academiadominicanahistoria.org.do\/index.php?rest_route=\/wp\/v2\/posts\/3015\/revisions"}],"predecessor-version":[{"id":3016,"href":"https:\/\/www.academiadominicanahistoria.org.do\/index.php?rest_route=\/wp\/v2\/posts\/3015\/revisions\/3016"}],"wp:featuredmedia":[{"embeddable":true,"href":"https:\/\/www.academiadominicanahistoria.org.do\/index.php?rest_route=\/wp\/v2\/media\/3013"}],"wp:attachment":[{"href":"https:\/\/www.academiadominicanahistoria.org.do\/index.php?rest_route=%2Fwp%2Fv2%2Fmedia&parent=3015"}],"wp:term":[{"taxonomy":"category","embeddable":true,"href":"https:\/\/www.academiadominicanahistoria.org.do\/index.php?rest_route=%2Fwp%2Fv2%2Fcategories&post=3015"},{"taxonomy":"post_tag","embeddable":true,"href":"https:\/\/www.academiadominicanahistoria.org.do\/index.php?rest_route=%2Fwp%2Fv2%2Ftags&post=3015"}],"curies":[{"name":"wp","href":"https:\/\/api.w.org\/{rel}","templated":true}]}}