{"id":3043,"date":"2023-02-09T18:45:28","date_gmt":"2023-02-09T18:45:28","guid":{"rendered":"https:\/\/www.academiadominicanahistoria.org.do\/?p=3043"},"modified":"2023-02-09T18:45:31","modified_gmt":"2023-02-09T18:45:31","slug":"ulises-francisco-espaillat-el-presidente-martir","status":"publish","type":"post","link":"https:\/\/www.academiadominicanahistoria.org.do\/?p=3043","title":{"rendered":"<strong>Ulises Francisco Espaillat, el presidente m\u00e1rtir<\/strong>"},"content":{"rendered":"\n<p><strong>Mensaje con motivo del bicentenario de su natalicio<\/strong>.<\/p>\n\n\n\n<p>El jueves 9 de febrero se cumplen 200 a\u00f1os del natalicio de Ulises Francisco Espaillat, eminente rep\u00fablico y civilista quien fuera presidente de la Rep\u00fablica Dominicana en 1876.<\/p>\n\n\n\n<p>Hombre de acrisoladas virtudes c\u00edvicas, sustentadas en incuestionables principios \u00e9ticos y morales, Espaillat fue adem\u00e1s un consagrado ciudadano que supo honrar y defender el legado liberal e independentista de Duarte y los trinitarios.<\/p>\n\n\n\n<p>Fue maestro, boticario, periodista, escritor, mun\u00edcipe distinguido, legislador, vicepresidente de la Rep\u00fablica en armas durante la guerra restauradora y, finalmente, presidente constitucional, desde el 29 de abril hasta el 5 de octubre de 1876.<\/p>\n\n\n\n<p>Durante su ef\u00edmera gesti\u00f3n gubernativa quiso poner en pr\u00e1ctica el primer experimento democr\u00e1tico dominicano del siglo XIX, centrado en la necesidad de rescatar al pa\u00eds del caos pol\u00edtico, social y econ\u00f3mico en que se hallaba inmerso despu\u00e9s de haber superado dos guerras de liberaci\u00f3n nacional.<\/p>\n\n\n\n<p>Un aspecto fundamental de su programa de gobierno consisti\u00f3 en organizar las instituciones p\u00fablicas, sanear la maltrecha econom\u00eda nacional, mediante un estricto r\u00e9gimen de austeridad, al tiempo de fomentar el sistema educativo nacional, ya que consideraba la educaci\u00f3n como \u201cuna de las m\u00e1s imperiosas necesidades de la vida moral de los pueblos\u201d.<\/p>\n\n\n\n<p>Quiso ensayar un gobierno flexible, de amplia participaci\u00f3n popular y de pol\u00edtica conciliatoria, propiciando la unidad nacional entre todas las formaciones pol\u00edticas. Pero las circunstancias no favorecieron tan sublime aspiraci\u00f3n y sus adversarios, m\u00e1s proclives a satisfacer sus intereses particulares, no tardaron en levantarse en armas para derrocar su administraci\u00f3n. Espaillat, sin embargo, se adelant\u00f3 a esos prop\u00f3sitos antipatri\u00f3ticos que atentaban contra la estabilidad del gobierno, prefiriendo renunciar a la presidencia antes que prestarse a fomentar la discordia y desuni\u00f3n entre los dominicanos.<\/p>\n\n\n\n<p>En uno de sus \u00faltimos mensajes dirigidos a sus conciudadanos, Espaillat manifest\u00f3 que \u201cal dejar un puesto donde no tuve tiempo para ver realizadas algunas de las muchas y leg\u00edtimas aspiraciones de esta sociedad, deseo con toda sinceridad que el ciudadano que deba reemplazarme logre el fin que yo no pude alcanzar\u201d.<\/p>\n\n\n\n<p>Al decir del maestro Hostos, Espaillat fue \u201cel hombre m\u00e1s digno del ejercicio del Poder que ha tenido la Rep\u00fablica\u201d. En efecto, sus ideas pol\u00edticas fueron tan avanzadas para su \u00e9poca que seg\u00fan el general Gregorio Luper\u00f3n deb\u00edan convertirse en \u201cel catecismo pol\u00edtico del pueblo dominicano\u201d. Al verlo sacrificarse, como Duarte, para evitar convertirse en manzana de la discordia, Manuel de Jes\u00fas Galv\u00e1n lo llam\u00f3 \u201cel presidente m\u00e1rtir\u201d.<\/p>\n\n\n\n<p>Cuando descendi\u00f3 del solio presidencial, con la serenidad y dignidad de un pr\u00f3cer sin m\u00e1culas, en su mensaje de despedida al Congreso, Espaillat se expres\u00f3 de esta suerte: \u201cYo cre\u00ed de buena fe que lo que m\u00e1s aquejaba a la sociedad de mi pa\u00eds era la sed de justicia, y desde mi advenimiento al Poder procur\u00e9 ir apagando esa sed eminentemente moral y regeneradora. Pero otra sed a\u00fan m\u00e1s terrible la devora: la sed de oro\u201d.<\/p>\n\n\n\n<p>Ulises Francisco Espaillat naci\u00f3 en Santiago de los Caballeros el 9 de febrero de 1823 y falleci\u00f3 en su pueblo natal el 25 de abril de 1878. Es uno de los pr\u00f3ceres civiles m\u00e1s admirados y venerados del pa\u00eds y sus restos mortales descansan para siempre en el Pante\u00f3n de la Patria. \u00a1Loor eterno a su memoria!<\/p>\n\n\n\n<p>Santo Domingo<\/p>\n\n\n\n<p>7 de abril de 2023<\/p>\n","protected":false},"excerpt":{"rendered":false,"protected":false},"author":1,"featured_media":3044,"comment_status":"closed","ping_status":"closed","sticky":false,"template":"","format":"standard","meta":[],"categories":[6],"tags":[],"_links":{"self":[{"href":"https:\/\/www.academiadominicanahistoria.org.do\/index.php?rest_route=\/wp\/v2\/posts\/3043"}],"collection":[{"href":"https:\/\/www.academiadominicanahistoria.org.do\/index.php?rest_route=\/wp\/v2\/posts"}],"about":[{"href":"https:\/\/www.academiadominicanahistoria.org.do\/index.php?rest_route=\/wp\/v2\/types\/post"}],"author":[{"embeddable":true,"href":"https:\/\/www.academiadominicanahistoria.org.do\/index.php?rest_route=\/wp\/v2\/users\/1"}],"replies":[{"embeddable":true,"href":"https:\/\/www.academiadominicanahistoria.org.do\/index.php?rest_route=%2Fwp%2Fv2%2Fcomments&post=3043"}],"version-history":[{"count":1,"href":"https:\/\/www.academiadominicanahistoria.org.do\/index.php?rest_route=\/wp\/v2\/posts\/3043\/revisions"}],"predecessor-version":[{"id":3045,"href":"https:\/\/www.academiadominicanahistoria.org.do\/index.php?rest_route=\/wp\/v2\/posts\/3043\/revisions\/3045"}],"wp:featuredmedia":[{"embeddable":true,"href":"https:\/\/www.academiadominicanahistoria.org.do\/index.php?rest_route=\/wp\/v2\/media\/3044"}],"wp:attachment":[{"href":"https:\/\/www.academiadominicanahistoria.org.do\/index.php?rest_route=%2Fwp%2Fv2%2Fmedia&parent=3043"}],"wp:term":[{"taxonomy":"category","embeddable":true,"href":"https:\/\/www.academiadominicanahistoria.org.do\/index.php?rest_route=%2Fwp%2Fv2%2Fcategories&post=3043"},{"taxonomy":"post_tag","embeddable":true,"href":"https:\/\/www.academiadominicanahistoria.org.do\/index.php?rest_route=%2Fwp%2Fv2%2Ftags&post=3043"}],"curies":[{"name":"wp","href":"https:\/\/api.w.org\/{rel}","templated":true}]}}