{"id":3078,"date":"2023-06-13T16:08:34","date_gmt":"2023-06-13T16:08:34","guid":{"rendered":"https:\/\/www.academiadominicanahistoria.org.do\/?p=3078"},"modified":"2023-06-13T16:08:36","modified_gmt":"2023-06-13T16:08:36","slug":"cinco-academicos-dominicanos-investidos-en-la-real-academia-de-la-historia-de-espana","status":"publish","type":"post","link":"https:\/\/www.academiadominicanahistoria.org.do\/?p=3078","title":{"rendered":"Cinco acad\u00e9micos dominicanos investidos en la Real Academia de la Historia de Espa\u00f1a."},"content":{"rendered":"\n<p><strong>Madrid, Espa\u00f1a<\/strong>&#8211; Cinco acad\u00e9micos dominicanos fueron investidos el pasado viernes por la Real Academia de la Historia de Espa\u00f1a, en un acto presidido por la directora de la entidad, Carmen Iglesias Cano.<\/p>\n\n\n\n<p>Los Historiadores que recibieron sus certificados como miembros Correspondientes, fueron Juan Daniel Balc\u00e1cer, presidente de la Academia Dominicana de la Historia, Miguel Reyes S\u00e1nchez, secretario, Frank Moya Pons, Jos\u00e9 Chez checo y Manuel Garc\u00eda Ar\u00e9valo, miembros de N\u00famero.<\/p>\n\n\n\n<p>&nbsp;La Dra. Iglesias Cano, expres\u00f3 que, constituye un verdadero ejemplo de la trascendencia de los estudios acad\u00e9micos a trav\u00e9s del tiempo desde una naci\u00f3n que ella estima mucho como lo es la Rep\u00fablica Dominicana.<\/p>\n\n\n\n<p>&nbsp;\u201cPara la RAH es un privilegio contar con estos prestigiosos acad\u00e9micos, y nos comprometemos a continuar una estrecha relaci\u00f3n con la Academia Dominicana de la Historia, siendo \u00e9sta una de las m\u00e1s prestigiosas entidades latinoamericanas\u201d, expres\u00f3 la acad\u00e9mica.<\/p>\n\n\n\n<p>&nbsp;Cabe destacar que a principios de a\u00f1o 2022, el historiador Miguel Reyes S\u00e1nchez, fue investido como Acad\u00e9mico Correspondiente de la Real Academia de la Historia y en esta ocasi\u00f3n recibi\u00f3 un certificado de honor ratificando su primigenia condici\u00f3n.<\/p>\n\n\n\n<p>&nbsp;En la ceremonia celebrada dentro de una sesi\u00f3n ordinaria de la RAH, en su sede en Madrid, Espa\u00f1a, estuvieron presentes los acad\u00e9micos de n\u00famero de la entidad, la Condesa de Gisbert, directora de la RAH y el Dr. Feliciano Barrios, secretario perpetuo.<\/p>\n","protected":false},"excerpt":{"rendered":"<p>Madrid, Espa\u00f1a&#8211; Cinco acad\u00e9micos dominicanos fueron investidos el pasado viernes por la Real Academia de la Historia de Espa\u00f1a, en un acto presidi<\/p>\n","protected":false},"author":1,"featured_media":3079,"comment_status":"closed","ping_status":"closed","sticky":false,"template":"","format":"standard","meta":[],"categories":[6],"tags":[55,56,54],"_links":{"self":[{"href":"https:\/\/www.academiadominicanahistoria.org.do\/index.php?rest_route=\/wp\/v2\/posts\/3078"}],"collection":[{"href":"https:\/\/www.academiadominicanahistoria.org.do\/index.php?rest_route=\/wp\/v2\/posts"}],"about":[{"href":"https:\/\/www.academiadominicanahistoria.org.do\/index.php?rest_route=\/wp\/v2\/types\/post"}],"author":[{"embeddable":true,"href":"https:\/\/www.academiadominicanahistoria.org.do\/index.php?rest_route=\/wp\/v2\/users\/1"}],"replies":[{"embeddable":true,"href":"https:\/\/www.academiadominicanahistoria.org.do\/index.php?rest_route=%2Fwp%2Fv2%2Fcomments&post=3078"}],"version-history":[{"count":1,"href":"https:\/\/www.academiadominicanahistoria.org.do\/index.php?rest_route=\/wp\/v2\/posts\/3078\/revisions"}],"predecessor-version":[{"id":3080,"href":"https:\/\/www.academiadominicanahistoria.org.do\/index.php?rest_route=\/wp\/v2\/posts\/3078\/revisions\/3080"}],"wp:featuredmedia":[{"embeddable":true,"href":"https:\/\/www.academiadominicanahistoria.org.do\/index.php?rest_route=\/wp\/v2\/media\/3079"}],"wp:attachment":[{"href":"https:\/\/www.academiadominicanahistoria.org.do\/index.php?rest_route=%2Fwp%2Fv2%2Fmedia&parent=3078"}],"wp:term":[{"taxonomy":"category","embeddable":true,"href":"https:\/\/www.academiadominicanahistoria.org.do\/index.php?rest_route=%2Fwp%2Fv2%2Fcategories&post=3078"},{"taxonomy":"post_tag","embeddable":true,"href":"https:\/\/www.academiadominicanahistoria.org.do\/index.php?rest_route=%2Fwp%2Fv2%2Ftags&post=3078"}],"curies":[{"name":"wp","href":"https:\/\/api.w.org\/{rel}","templated":true}]}}