{"id":3146,"date":"2025-06-18T13:45:28","date_gmt":"2025-06-18T13:45:28","guid":{"rendered":"https:\/\/www.academiadominicanahistoria.org.do\/?p=3146"},"modified":"2025-06-18T13:45:30","modified_gmt":"2025-06-18T13:45:30","slug":"nota-de-prensa-sobre-la-puesta-en-circulacion-de-la-obra-historia-social-de-la-dominacion-haitiana-1822-1844-de-olivier-batista","status":"publish","type":"post","link":"https:\/\/www.academiadominicanahistoria.org.do\/?p=3146","title":{"rendered":"Nota de prensa sobre la puesta en circulaci\u00f3n de la obra \u00abHistoria Social de la Dominaci\u00f3n Haitiana (1822-1844)\u00bb, de Olivier Batista."},"content":{"rendered":"\n<p><a href=\"https:\/\/www.academiadominicanahistoria.org.do\/wp-content\/uploads\/2025\/06\/NotadePrensa.pdf\">Ver nota de prensa completa<\/a><\/p>\n\n\n\n<p>El historiador dominicano Frank Moya Pons resumi\u00f3 y elogi\u00f3 el libro \u201cHistoria Social de la Dominaci\u00f3n Haitiana (1822-1844), del profesor e investigador universitario Olivier Batista Lemaire, durante la puesta en circulaci\u00f3n celebrada recientemente en el sal\u00f3n de actos del Archivo General de la Naci\u00f3n.<\/p>\n\n\n\n<p>Al comentar la obra, Moya Pons afirm\u00f3 que \u201cno veo en el horizonte historiogr\u00e1fico de Santo Domingo, ni de Hait\u00ed u otros pa\u00edses, ninguna posibilidad de que pueda ser igualada ni, mucho menos, superada en muchas d\u00e9cadas\u201d.<\/p>\n\n\n\n<p>Agreg\u00f3 que lamenta que hayamos tenido que esperar unos 52 a\u00f1os y seis ediciones de su libro \u201cLa Dominaci\u00f3n Haitiana\u201d para \u201cregocijarnos con la lectura de esta nueva obra, merecedora de los mayores aplausos y de todos los premios que se ofrecer\u00e1n este a\u00f1o para reconocer los mejores libros de historia dominicana y de historia de Las Antillas\u201d.<\/p>\n\n\n\n<p>Frank Moya Pons hizo elogiosos comentarios sobre la obra frente al numeroso p\u00fablico que asisti\u00f3 al evento. El libro de Olivier Batista es una edici\u00f3n conjunta de la Academia Dominicana de la Historia y el Archivo General de la Naci\u00f3n.<\/p>\n\n\n\n<p>Moya Pons resumi\u00f3 los primeros dos cap\u00edtulos de la obra que califica \u201cm\u00e1s que necesaria, \u00fanica, para entender en detalles el sistema de dominaci\u00f3n pol\u00edtica y militar impuesto por el presidente de Hait\u00ed, Jean Pierre Boyer, sobre la poblaci\u00f3n de la parte oriental de la isla de Santo Domingo entre 1822 y 1844\u201d.<\/p>\n\n\n\n<p>Refiri\u00f3 que entonces el modelo autoritario de gesti\u00f3n econ\u00f3mica iniciado por Toussaint Louverture, quien impuso un r\u00e9gimen de trabajo forzado sobre la poblaci\u00f3n emancipada que qued\u00f3 dependiendo de los triunfantes jefes militares de la revoluci\u00f3n, quienes confiscaron y se apropiaron de las tierras y dem\u00e1s propiedades de los franceses, expulsados o masacrados tanto por Toussaint como por los sucesores de Jean Jacques Dessalines y Enrique Crist\u00f3bal.<\/p>\n\n\n\n<p>Ese r\u00e9gimen, expuso Moya Pons, no desapareci\u00f3 con las muertes de Toussaint y Dessalines, sino que ocurri\u00f3 \u201ctodo lo contrario, pues fue reforzado mediante la tramitaci\u00f3n del anterior sistema esclavista en una forma de \u2018parafeudalismo\u2019 en el cual las masas negras eran nominalmente libres, aunque deb\u00edan servir como productores, obreros o cultivadores a los jefes revolucionarios, quienes ten\u00edan la facultad de imponerles castigos corporales, como en los viejos tiempos\u201d.<\/p>\n\n\n\n<p>De acuerdo con Moya Pons, en su obra, Olivier Batista, se refiere al desprecio de Toussaint por los derechos de las masas trabajadoras y su empe\u00f1o de resucitar el sistema de plantaciones, basado en la explotaci\u00f3n de mano de obra servil.<\/p>\n\n\n\n<p>Por su parte, Olivier Batista afirm\u00f3 que, a fin de que resplandezca la verdad, en su obra se propuso aclarar muchos y viejos conceptos que han contribuido a una imagen distorsionada de lo que en verdad fue la dominaci\u00f3n haitiana.<\/p>\n\n\n\n<p>Agradeci\u00f3 el apoyo de la Academia Dominicana de la Historia, del Archivo General de la Naci\u00f3n, en la persona de su director el tambi\u00e9n historiador Roberto Cass\u00e1, as\u00ed como del presentador de la obra, Frank Moya Pons.<\/p>\n\n\n\n<p>Durante las palabras de presentaci\u00f3n del acto, Juan Daniel Balc\u00e1cer, presidente de la Academia Dominicana de la Historia, destac\u00f3 que la \u201cHistoria Social de la Dominaci\u00f3n Haitiana\u201d constituye un novedoso aporte para el conocimiento del per\u00edodo objeto de estudio y que se trata de una formidable investigaci\u00f3n hist\u00f3rica que debe ser le\u00edda por intelectuales, profesores, historiadores, estudiantes y amantes de la cultura en general.<\/p>\n\n\n\n<p>Santo Domingo<\/p>\n\n\n\n<p>17 de junio de 2025<\/p>\n","protected":false},"excerpt":{"rendered":"<p>Ver nota de prensa completa El historiador dominicano Frank Moya Pons resumi\u00f3 y elogi\u00f3 el libro \u201cHistoria Social de la Dominaci\u00f3n Haitiana (1822-1844)<\/p>\n","protected":false},"author":1,"featured_media":3148,"comment_status":"closed","ping_status":"closed","sticky":false,"template":"","format":"standard","meta":[],"categories":[6],"tags":[],"_links":{"self":[{"href":"https:\/\/www.academiadominicanahistoria.org.do\/index.php?rest_route=\/wp\/v2\/posts\/3146"}],"collection":[{"href":"https:\/\/www.academiadominicanahistoria.org.do\/index.php?rest_route=\/wp\/v2\/posts"}],"about":[{"href":"https:\/\/www.academiadominicanahistoria.org.do\/index.php?rest_route=\/wp\/v2\/types\/post"}],"author":[{"embeddable":true,"href":"https:\/\/www.academiadominicanahistoria.org.do\/index.php?rest_route=\/wp\/v2\/users\/1"}],"replies":[{"embeddable":true,"href":"https:\/\/www.academiadominicanahistoria.org.do\/index.php?rest_route=%2Fwp%2Fv2%2Fcomments&post=3146"}],"version-history":[{"count":1,"href":"https:\/\/www.academiadominicanahistoria.org.do\/index.php?rest_route=\/wp\/v2\/posts\/3146\/revisions"}],"predecessor-version":[{"id":3149,"href":"https:\/\/www.academiadominicanahistoria.org.do\/index.php?rest_route=\/wp\/v2\/posts\/3146\/revisions\/3149"}],"wp:featuredmedia":[{"embeddable":true,"href":"https:\/\/www.academiadominicanahistoria.org.do\/index.php?rest_route=\/wp\/v2\/media\/3148"}],"wp:attachment":[{"href":"https:\/\/www.academiadominicanahistoria.org.do\/index.php?rest_route=%2Fwp%2Fv2%2Fmedia&parent=3146"}],"wp:term":[{"taxonomy":"category","embeddable":true,"href":"https:\/\/www.academiadominicanahistoria.org.do\/index.php?rest_route=%2Fwp%2Fv2%2Fcategories&post=3146"},{"taxonomy":"post_tag","embeddable":true,"href":"https:\/\/www.academiadominicanahistoria.org.do\/index.php?rest_route=%2Fwp%2Fv2%2Ftags&post=3146"}],"curies":[{"name":"wp","href":"https:\/\/api.w.org\/{rel}","templated":true}]}}