{"id":3198,"date":"2025-08-22T20:03:59","date_gmt":"2025-08-22T20:03:59","guid":{"rendered":"https:\/\/www.academiadominicanahistoria.org.do\/?p=3198"},"modified":"2025-08-22T22:11:50","modified_gmt":"2025-08-22T22:11:50","slug":"juramentan-nueva-directiva-de-la-academia-dominicana-de-la-historia-2025-2028","status":"publish","type":"post","link":"https:\/\/www.academiadominicanahistoria.org.do\/?p=3198","title":{"rendered":"Juramentan nueva directiva de la Academia Dominicana de la Historia 2025-2028."},"content":{"rendered":"\n<p class=\"has-text-align-left\"><img loading=\"lazy\" width=\"1283\" height=\"781\" class=\"wp-image-3199\" style=\"width: 700px;\" src=\"https:\/\/www.academiadominicanahistoria.org.do\/wp-content\/uploads\/2025\/08\/Foto-2.jpeg\" alt=\"\" srcset=\"https:\/\/www.academiadominicanahistoria.org.do\/wp-content\/uploads\/2025\/08\/Foto-2.jpeg 1283w, https:\/\/www.academiadominicanahistoria.org.do\/wp-content\/uploads\/2025\/08\/Foto-2-300x183.jpeg 300w, https:\/\/www.academiadominicanahistoria.org.do\/wp-content\/uploads\/2025\/08\/Foto-2-1024x623.jpeg 1024w, https:\/\/www.academiadominicanahistoria.org.do\/wp-content\/uploads\/2025\/08\/Foto-2-768x468.jpeg 768w\" sizes=\"(max-width: 1283px) 100vw, 1283px\" \/>                                                            Juramentaci\u00f3n de la nueva Junta Directiva 2025-2028 de la Academia Dominicana de la Historia.<\/p>\n\n\n\n<p>La nueva directiva de la Academia Dominicana de la Historia para el periodo 2025-2028, presidida por el historiador Miguel Reyes S\u00e1nchez, fue juramentada en una sesi\u00f3n solemne celebrada el pasado jueves 20 de agosto de 2025 en el Ministerio de Relaciones Exteriores.<br>Completan la n\u00f3mina de la directiva los historiadores Eduardo J. Tejera, vicepresidente; Miguel Guerrero, secretario; Alejandro Paulino Ramos, tesorero; y Edwin Espinal Hern\u00e1ndez, vocal.<br><\/p>\n\n\n\n<p>La mesa de honor del acto estuvo integrada por H\u00e9ctor Valdez Albizu, gobernador del Banco Central, Miguel Reyes S\u00e1nchez, presidente de la Academia Dominicana de la Historia; Jos\u00e9 Rafael Espaillat, rector del Instituto de Educaci\u00f3n Superior en Formaci\u00f3n Diplom\u00e1tica y Consular (INESDYC) y Juan Daniel Balc\u00e1cer, presidente saliente de la Academia.<\/p>\n\n\n\n<p class=\"has-text-align-center\"><img loading=\"lazy\" width=\"1284\" height=\"663\" class=\"wp-image-3200\" style=\"width: 700px;\" src=\"https:\/\/www.academiadominicanahistoria.org.do\/wp-content\/uploads\/2025\/08\/Foto-1.jpeg\" alt=\"\" srcset=\"https:\/\/www.academiadominicanahistoria.org.do\/wp-content\/uploads\/2025\/08\/Foto-1.jpeg 1284w, https:\/\/www.academiadominicanahistoria.org.do\/wp-content\/uploads\/2025\/08\/Foto-1-300x155.jpeg 300w, https:\/\/www.academiadominicanahistoria.org.do\/wp-content\/uploads\/2025\/08\/Foto-1-1024x529.jpeg 1024w, https:\/\/www.academiadominicanahistoria.org.do\/wp-content\/uploads\/2025\/08\/Foto-1-768x397.jpeg 768w\" sizes=\"(max-width: 1284px) 100vw, 1284px\" \/>   Mesa principal compuesta por Juan Daniel Balc\u00e1cer, presidente saliente de la Academia Dominicana de la Historia; H\u00e9ctor Valdez Albizu, gobernador del Banco Central; Miguel Reyes S\u00e1nchez, presidente de la Academia Dominicana de la Historia y Jos\u00e9 Rafael Espaillat, embajador rector del INESTYC.<\/p>\n\n\n\n<p class=\"has-text-align-left\"><br>El ex presidente Balc\u00e1cer pronuncia un mensaje con motivo del 162 aniversario de la Restauraci\u00f3n y Reyes S\u00e1nchez pronuncio las palabras centrales del acto proponiendo un amplio programa de gesti\u00f3n que aseguro constituir\u00e1n una revoluci\u00f3n en la ense\u00f1anza y difusi\u00f3n de la historia en la Rep\u00fablica Dominicana.<br>Para concluir el acto, el tenor Pedro Pablo Reyes interpret\u00f3 las canciones dominicanas \u201cUna primavera para el mundo\u201d, \u201clos d\u00edas dif\u00edciles de la escuela\u201d y \u201cQuisqueya\u201d.<br><\/p>\n\n\n\n<div class=\"wp-container-1 is-vertical is-content-justification-left wp-block-group\">\n<p class=\"has-text-align-left\"><strong>Sobre el nuevo presidente de la Academia<\/strong><\/p>\n\n\n\n<p><br><img loading=\"lazy\" width=\"958\" height=\"824\" class=\"wp-image-3201\" style=\"width: 700px;\" src=\"https:\/\/www.academiadominicanahistoria.org.do\/wp-content\/uploads\/2025\/08\/Foto-3..jpeg\" alt=\"\" srcset=\"https:\/\/www.academiadominicanahistoria.org.do\/wp-content\/uploads\/2025\/08\/Foto-3..jpeg 958w, https:\/\/www.academiadominicanahistoria.org.do\/wp-content\/uploads\/2025\/08\/Foto-3.-300x258.jpeg 300w, https:\/\/www.academiadominicanahistoria.org.do\/wp-content\/uploads\/2025\/08\/Foto-3.-768x661.jpeg 768w\" sizes=\"(max-width: 958px) 100vw, 958px\" \/> Miguel Reyes S\u00e1nchez, presidente de la Academia Dominicana de la Historia, pronunciando su discurso.<\/p>\n\n\n\n<p class=\"has-text-align-left\">El nuevo presidente de la Academia Dominicana de la Historia, Miguel Reyes S\u00e1nchez es reconocido como uno de los m\u00e1s destacados historiadores de su generaci\u00f3n. El tambi\u00e9n diplom\u00e1tico y jurista tiene m\u00e1s de 40 t\u00edtulos publicados y ha sido galardonado con el \u00abPremio Seykio a la Cultura\u00bb de Jap\u00f3n (1997); \u00abJoven Sobresaliente del Mundo\u00bb por la Junior Chamber International (JCI) en Manila, Filipinas (1998); la C\u00e1mara de Diputados de la Rep\u00fablica Dominicana lo declar\u00f3: \u00abArtista Ejemplar de la Literatura Dominicana\u00bb (2000) y el gobierno dominicano le otorg\u00f3 la \u00abCondecoraci\u00f3n de la Orden al M\u00e9rito de Duarte, S\u00e1nchez y Mella, en el Grado de Gran Cruz Placa de Plata\u00bb (2003), entre muchas otras distinciones.<br>Asimismo, ha obtenido tres ocasiones el Premio Nacional de Historia Jos\u00e9 Gabriel Garc\u00eda (2010, 2015 y 2024) y el Premio Nacional Feria del Libro Eduardo Le\u00f3n Jimenes (2012), con su obra \u201cOc\u00e9anos de Tinta y Papel. Historia de la Navegaci\u00f3n y el desarrollo mar\u00edtimo dominicano\u201d.<br>El pasado a\u00f1o 2024, su obra \u201cQuo vadis? Tras las huellas de la historia\u201d recibi\u00f3 el Premio Escriduende 2024, al mejor ensayo hist\u00f3rico de la Feria del Libro de Madrid.<br>En d\u00edas recientes ha sido galardonado en dos ocasiones: primero en Espa\u00f1a, en junio pasado, con el Premio Internacional de Investigaci\u00f3n Hist\u00f3rica \u201cFrancisco de Vitoria\u201d 2025, por su obra: \u201cEl Cuerpo Consular y su presencia en Rep\u00fablica Dominicana\u201d; y segundo en el pa\u00eds, en este mes de julio, con el Premio Anual de Historia \u201cJos\u00e9 Gabriel Garc\u00eda\u201d 2024, por su obra: \u201cHistoria de la Frontera Dominico-Haitiana\u201d.<br>Funcionario del Banco Central durante tres d\u00e9cadas y diplom\u00e1tico en servicio desde 1987, siendo actualmente Embajador T\u00e9cnico.<br>Profesor de varias universidades nacionales y extranjeras. Miembro de n\u00famero de la Academia Dominicana de la Historia y acad\u00e9mico correspondiente de la Real Academia de la Historia de Espa\u00f1a, as\u00ed como de diversas academias latinoamericanas.<br>Adem\u00e1s, es miembro de n\u00famero de la Academia de Ciencias de la Rep\u00fablica Dominicana, miembro del Consejo de la Orden al M\u00e9rito de Duarte, S\u00e1nchez y Mella, del Instituto Duartiano y de la Sociedad Dominicana de Bibli\u00f3filos.<\/p>\n<\/div>\n","protected":false},"excerpt":{"rendered":"<p>Juramentaci\u00f3n de la nueva Junta Directiva 2025-2028 de la Academia Dominicana de la Historia. La nueva directiva de la Academia Dominicana de la Historia <\/p>\n","protected":false},"author":1,"featured_media":3206,"comment_status":"closed","ping_status":"closed","sticky":false,"template":"","format":"standard","meta":[],"categories":[6],"tags":[55],"_links":{"self":[{"href":"https:\/\/www.academiadominicanahistoria.org.do\/index.php?rest_route=\/wp\/v2\/posts\/3198"}],"collection":[{"href":"https:\/\/www.academiadominicanahistoria.org.do\/index.php?rest_route=\/wp\/v2\/posts"}],"about":[{"href":"https:\/\/www.academiadominicanahistoria.org.do\/index.php?rest_route=\/wp\/v2\/types\/post"}],"author":[{"embeddable":true,"href":"https:\/\/www.academiadominicanahistoria.org.do\/index.php?rest_route=\/wp\/v2\/users\/1"}],"replies":[{"embeddable":true,"href":"https:\/\/www.academiadominicanahistoria.org.do\/index.php?rest_route=%2Fwp%2Fv2%2Fcomments&post=3198"}],"version-history":[{"count":6,"href":"https:\/\/www.academiadominicanahistoria.org.do\/index.php?rest_route=\/wp\/v2\/posts\/3198\/revisions"}],"predecessor-version":[{"id":3209,"href":"https:\/\/www.academiadominicanahistoria.org.do\/index.php?rest_route=\/wp\/v2\/posts\/3198\/revisions\/3209"}],"wp:featuredmedia":[{"embeddable":true,"href":"https:\/\/www.academiadominicanahistoria.org.do\/index.php?rest_route=\/wp\/v2\/media\/3206"}],"wp:attachment":[{"href":"https:\/\/www.academiadominicanahistoria.org.do\/index.php?rest_route=%2Fwp%2Fv2%2Fmedia&parent=3198"}],"wp:term":[{"taxonomy":"category","embeddable":true,"href":"https:\/\/www.academiadominicanahistoria.org.do\/index.php?rest_route=%2Fwp%2Fv2%2Fcategories&post=3198"},{"taxonomy":"post_tag","embeddable":true,"href":"https:\/\/www.academiadominicanahistoria.org.do\/index.php?rest_route=%2Fwp%2Fv2%2Ftags&post=3198"}],"curies":[{"name":"wp","href":"https:\/\/api.w.org\/{rel}","templated":true}]}}