{"id":3213,"date":"2025-08-25T20:45:19","date_gmt":"2025-08-25T20:45:19","guid":{"rendered":"https:\/\/www.academiadominicanahistoria.org.do\/?p=3213"},"modified":"2025-08-25T21:22:15","modified_gmt":"2025-08-25T21:22:15","slug":"discurso-de-miguel-reyes-sanchez-presidente-de-la-academia-dominicana-de-la-historia-en-la-juramentacion-de-la-junta-directiva-2025-2028","status":"publish","type":"post","link":"https:\/\/www.academiadominicanahistoria.org.do\/?p=3213","title":{"rendered":"Discurso de Miguel Reyes S\u00e1nchez, presidente de la Academia Dominicana de la Historia en la Juramentaci\u00f3n de la Junta Directiva 2025-2028"},"content":{"rendered":"\n<p><a rel=\"noreferrer noopener\" href=\"https:\/\/www.academiadominicanahistoria.org.do\/wp-content\/uploads\/2025\/08\/DiscursoJuramentacion2025-2028.pdf\" target=\"_blank\">Ver discurso en pdf<\/a><\/p>\n\n\n\n<p class=\"has-text-align-center\"><strong>Palabras de Miguel Reyes S\u00e1nchez<br>presidente de la Academia Dominicana de la Historia<br>en la Juramentaci\u00f3n de la Junta Directiva 2025-2028&nbsp;<br>20 de agosto de 2025<\/strong><\/p>\n\n\n\n<p><br>Buenas tardes:<\/p>\n\n\n\n<p><strong>La Historia es m\u00e1s que fechas y acontecimientos del pasado<\/strong><strong>.<\/strong> Es un faro que ilumina el camino hacia el entendimiento de nosotros mismos, de nuestras sociedades y de nuestro mundo. Es la clave para entender qui\u00e9nes somos, c\u00f3mo hemos llegado hasta aqu\u00ed y hacia d\u00f3nde podr\u00edamos ir. De ah\u00ed, la socorrida frase, atribuida al fil\u00f3sofo George Santayana, que reza que: \u201clos pueblos que no conocen su historia est\u00e1n condenados a repetirla\u201d.<\/p>\n\n\n\n<p>Luego de este introito, quiero agradecer la presencia de todos en este d\u00eda en que presto el juramento de rigor para desempe\u00f1ar la Presidencia de la Academia Dominicana de la Historia para el trienio 2025-2028.<\/p>\n\n\n\n<p>Deseo expresar mi m\u00e1s profundo reconocimiento a los colegas miembros de n\u00famero de la Academia que hicieron posible esta alt\u00edsima distinci\u00f3n y solicitar a cada uno de ellos su indispensable colaboraci\u00f3n para poder cumplir a cabalidad con las m\u00faltiples exigencias y los demandantes y novedosos objetivos que me he propuesto.<\/p>\n\n\n\n<p>Antes de referirme a la etapa que hoy se inicia con metas claras y definidas de c\u00f3mo enrumbar el estudio y difusi\u00f3n de la historia dominicana en el contexto actual, quiero hacer un tributo a nuestros antecesores, en cuyo trabajo e ideas se erige y cimenta nuestra instituci\u00f3n; a esos brillantes 12 historiadores que, junto a un grupo de los m\u00e1s importantes pensadores dominicanos, han dirigido la Academia Dominicana de la Historia, desde su fundaci\u00f3n mediante el decreto n\u00fam. 186 del 23 de julio de 1931 hasta nuestros d\u00edas, dejando sus improntas indelebles en cada una de sus gestiones.&nbsp; Son ellos Federico Henr\u00edquez y Carvajal, Manuel de J. Troncoso, Emilio Rodr\u00edguez Demorizi, Hugo Eduardo Polanco Brito, Julio Genaro Campillo P\u00e9rez, Roberto Cass\u00e1, Jos\u00e9 Chez Checo, Emilio Cordero Michel, Frank Moya Pons, Bernardo Vega, Mu Kien Sang Ben y Juan Daniel Balc\u00e1cer. Todos ellos, en su momento, han realizado un aporte transcendente para el conocimiento objetivo de nuestra historia.<\/p>\n\n\n\n<p>Hoy asumo este reto hist\u00f3rico, muy bien acompa\u00f1ado de importantes historiadores dominicanos como lo son Eduardo J. Tejera, Miguel Guerrero, Alejandro Paulino Ramos y Edwin Espinal Hern\u00e1ndez, con quienes har\u00e9 este recorrido con la noble intenci\u00f3n de que la Historia deje de ser una materia exclusiva para unos cuantos que tienen acceso a las aulas y se convierta en una disciplina que pueda llegar al m\u00e1s humilde de los dominicanos y al m\u00e1s rec\u00f3ndito lugar de nuestra patria.<\/p>\n\n\n\n<p>Asimismo, quiero hacerles llegar mi aprecio y consideraci\u00f3nal personal de la Academia, constituido por personas que conocen las particularidades del oficio que desempe\u00f1an.<\/p>\n\n\n\n<p>Dicho esto, es menester recordar que un historiador es un individuo cuyo conocimiento de la Historia se fundamenta en estudios acad\u00e9micos o en investigaciones de fuentes primarias y secundarias; que un historiador es un individuo cuya esencia es la objetividad con la que estudia los tres elementos indispensables para el conocimiento de la Historia: los hechos del pasado, las fuentes y la verdad. El historiador tiene ciertamente el derecho de imprimir a su trabajo su propia perspectiva, pero tiene el deber de atenerse a la verdad de los hechos. Para el cronista mayor del siglo de Oro espa\u00f1ol Antonio de Herrera y Tordesillas el oficio de historiador era decir la verdad. \u201cExplicar y decir las cosas como sucedieron sin falsedades o sin la intervenci\u00f3n de f\u00e1bulas\u201d.<\/p>\n\n\n\n<p>Mientras Edward Hallet Carr en su obra \u00bfQu\u00e9 es la historia?, de manera contundente ratificaba que: \u201cEl historiador es parte del presente, en tanto que sus hechos pertenecen al pasado. El historiador y los hechos de la historia son mutuamente necesarios. Sin sus hechos, el historiador carece de ra\u00edces y es huero; y los hechos, sin el historiador, muertos y falsos de sentido. Mi primera contestaci\u00f3n a la pregunta de qu\u00e9 es la historia, ser\u00e1 pues la siguiente: un proceso continuo de interacci\u00f3n entre el historiador y sus hechos, un di\u00e1logo sin fin entre el presente y el futuro\u201d.<\/p>\n\n\n\n<p>Bas\u00e1ndonos en estas premisas fundamentales, los historiadores debemos garantizar a todos los dominicanos la oportunidad de conocer su historia. Para que nunca jam\u00e1s ignoren las respuestas correctas a preguntas como las siguientes: \u00bfqui\u00e9n es Juan Pablo Duarte?, \u00bfqui\u00e9nes son los Padres de la Patria? o \u00bfcu\u00e1les son las gestas libertadoras de nuestra naci\u00f3n?<\/p>\n\n\n\n<p>\u00bfQu\u00e9 debemos hacer para lograr este objetivo?<\/p>\n\n\n\n<p>En el programa de gesti\u00f3n preparado por esta directiva nos hemos impuesto grandes retos, como el de complementar lo que han sido los m\u00e9todos tradicionales de divulgaci\u00f3n hist\u00f3rica con la apertura a la comunicaci\u00f3n digital: continuar e incrementar el programa de publicaciones de obras, impulsar ciclos de conferencias y ensanchar los art\u00edculos hist\u00f3ricos de la revista Cl\u00edo; pero paralelamente dar apertura a nuevos estadios de comunicaci\u00f3n digital.<\/p>\n\n\n\n<p>El mundo digital incide en la manera de pensar el pasado y en las formas de comunicar el conocimiento en el presente. Los historiadores hemos experimentado cambios en la forma de investigar y difundir nuestros trabajos.<\/p>\n\n\n\n<p>Hoy la necesidad de hacer llegar a la poblaci\u00f3n el conocimiento hist\u00f3rico es prioritaria. Las redes son una forma eficaz para irrumpir en la vida de todos de una manera \u00e1gil y propositiva. Esta es, sin dudas, la manera m\u00e1s expedita de introducir la forma de estudiar y expresar el pasado en un espacio abierto para la creaci\u00f3n y divulgaci\u00f3n del conocimiento hist\u00f3rico entre un p\u00fablico cada vez m\u00e1s habituado al uso de estos avances tecnol\u00f3gicos. Las naciones desarrolladas, caracterizadas por los niveles m\u00e1s altos en educaci\u00f3n, han implementado estos m\u00e9todos.<\/p>\n\n\n\n<p>Sin embargo, hay que tener mucho cuidado, porque en esas mismas redes sociales se cuelan algunos personajes que, arrog\u00e1ndose el t\u00edtulo de historiadores, inventan historias que solo est\u00e1n en sus mentes y que carecen absolutamente de fundamento documental.<\/p>\n\n\n\n<p>Ante este panorama, es necesario que una instituci\u00f3n como la nuestra difunda contenidos en nuestros portales, que puedan servir de validaci\u00f3n para los internautas amantes de la historia.<\/p>\n\n\n\n<p>El uso de estas nuevas tecnolog\u00edas tambi\u00e9n ha tra\u00eddo consigo otro elemento importante como lo es el de la digitalizaci\u00f3n de libros y documentos, que permite acceder a una infinidad de fuentes hist\u00f3ricas. Ya muchos historiadores han decidido escribir en formato digital para alcanzar una difusi\u00f3n m\u00e1s amplia de su trabajo y fortalecer la pr\u00e1ctica docente en los distintos niveles de ense\u00f1anza.<\/p>\n\n\n\n<p>Asimismo, otros objetivos son la creaci\u00f3n de un canal digital para la difusi\u00f3n de podcasts, conferencias interactivas, c\u00e1psulas hist\u00f3ricas, \u00e1lbumes como los que exist\u00edan en nuestros a\u00f1os mozos (pero digitales) y hasta juegos interactivos que atraigan la atenci\u00f3n de todos.<\/p>\n\n\n\n<p>Adem\u00e1s, la producci\u00f3n de videos de episodios hist\u00f3ricos, la difusi\u00f3n de encartes en los peri\u00f3dicos nacionales en ocasi\u00f3n de las efem\u00e9rides patrias y un ciclo de conferencias en todas las provincias del pa\u00eds, en especial en la zona fronteriza.<\/p>\n\n\n\n<p>De igual forma, se realizar\u00e1n importantes acuerdos con las diversas instituciones culturales nacionales y los cuerpos castrenses para lograr la representaci\u00f3n de obras teatrales hist\u00f3ricas en todo el territorio nacional, la celebraci\u00f3n de grandes conciertos para celebrar las epopeyas y la inclusi\u00f3n del arte como una herramienta eficaz para la ense\u00f1anza de la Historia.&nbsp;&nbsp;<\/p>\n\n\n\n<p>La Academia Dominicana de la Historia debe tener una mayor visibilidad en la sociedad dominicana y ser ese ente que con la mayor solvencia cient\u00edfica pueda emitir juicios documentados para la preservaci\u00f3n y divulgaci\u00f3n del conocimiento de la historia en el pa\u00eds.<\/p>\n\n\n\n<p>En el mismo sentido, ensancharemos las relaciones internacionales de la Academia para tener una presencia activa de nuestros miembros en los diversos c\u00f3nclaves y conferencias internacionales y la actualizaci\u00f3n de las corresponsal\u00edas con las dem\u00e1s Academias de Historia hispanoamericanas y Europa. Vamos a ubicar con mucho orgullo el nombre de nuestra Academia en el Mundo.<\/p>\n\n\n\n<p>Aprovecho la oportunidad para hacer un gran anuncio, una novedad para todos los dominicanos: inmediatamente se tenga actualizada la p\u00e1gina web de la Academia, por concesi\u00f3n de la Real Academia de la Historia de Espa\u00f1a, podremos agregar gratuitamente el \u201cPortal Digital de Historia Hisp\u00e1nica\u201d. Dicho portal cuenta con unas 150.000 referencias geogr\u00e1ficas, con m\u00e1s de 50.000 biograf\u00edas y con unos 20,000 acontecimientos hist\u00f3ricos \u2014y prehist\u00f3ricos\u2014 que van desde el a\u00f1o 1.350.000 a.C. hasta la actualidad, entre los que encontramos muchos acaecidos en nuestra isla.<\/p>\n\n\n\n<p>Estamos abocados a una revoluci\u00f3n, nunca vista, para el conocimiento de la Historia en nuestro pa\u00eds.<\/p>\n\n\n\n<p>Nuestro programa de gesti\u00f3n es ambicioso: podr\u00eda pasar toda la noche enumerando los proyectos que este contempla. Tengo la certeza de que con este equipo que me acompa\u00f1a lograremos nuestro cometido por el bien de la patria.&nbsp;&nbsp;<\/p>\n\n\n\n<p>Cada uno de ustedes, cada uno de los aqu\u00ed presentes son nuestros aliados. Esta no es una tarea que se hace solo con el apoyo gubernamental, sino tambi\u00e9n con el respaldo de nuestros queridos amigos empresarios y con el de todo el que ame la naci\u00f3n dominicana.<\/p>\n\n\n\n<p>Asumo este reto como todos los proyectos que emprendo: con todo mi coraz\u00f3n, con mucho trabajo y con girones de mi vida.<\/p>\n\n\n\n<p>\u00a1Que viva la Rep\u00fablica Dominicana!<\/p>\n\n\n\n<p><\/p>\n","protected":false},"excerpt":{"rendered":"<p>Ver discurso en pdf Palabras de Miguel Reyes S\u00e1nchezpresidente de la Academia Dominicana de la Historiaen la Juramentaci\u00f3n de la Junta Directiva 2025-202<\/p>\n","protected":false},"author":1,"featured_media":3218,"comment_status":"closed","ping_status":"closed","sticky":false,"template":"","format":"standard","meta":[],"categories":[6],"tags":[],"_links":{"self":[{"href":"https:\/\/www.academiadominicanahistoria.org.do\/index.php?rest_route=\/wp\/v2\/posts\/3213"}],"collection":[{"href":"https:\/\/www.academiadominicanahistoria.org.do\/index.php?rest_route=\/wp\/v2\/posts"}],"about":[{"href":"https:\/\/www.academiadominicanahistoria.org.do\/index.php?rest_route=\/wp\/v2\/types\/post"}],"author":[{"embeddable":true,"href":"https:\/\/www.academiadominicanahistoria.org.do\/index.php?rest_route=\/wp\/v2\/users\/1"}],"replies":[{"embeddable":true,"href":"https:\/\/www.academiadominicanahistoria.org.do\/index.php?rest_route=%2Fwp%2Fv2%2Fcomments&post=3213"}],"version-history":[{"count":2,"href":"https:\/\/www.academiadominicanahistoria.org.do\/index.php?rest_route=\/wp\/v2\/posts\/3213\/revisions"}],"predecessor-version":[{"id":3216,"href":"https:\/\/www.academiadominicanahistoria.org.do\/index.php?rest_route=\/wp\/v2\/posts\/3213\/revisions\/3216"}],"wp:featuredmedia":[{"embeddable":true,"href":"https:\/\/www.academiadominicanahistoria.org.do\/index.php?rest_route=\/wp\/v2\/media\/3218"}],"wp:attachment":[{"href":"https:\/\/www.academiadominicanahistoria.org.do\/index.php?rest_route=%2Fwp%2Fv2%2Fmedia&parent=3213"}],"wp:term":[{"taxonomy":"category","embeddable":true,"href":"https:\/\/www.academiadominicanahistoria.org.do\/index.php?rest_route=%2Fwp%2Fv2%2Fcategories&post=3213"},{"taxonomy":"post_tag","embeddable":true,"href":"https:\/\/www.academiadominicanahistoria.org.do\/index.php?rest_route=%2Fwp%2Fv2%2Ftags&post=3213"}],"curies":[{"name":"wp","href":"https:\/\/api.w.org\/{rel}","templated":true}]}}