{"id":3219,"date":"2025-08-27T13:47:42","date_gmt":"2025-08-27T13:47:42","guid":{"rendered":"https:\/\/www.academiadominicanahistoria.org.do\/?p=3219"},"modified":"2025-08-28T15:25:34","modified_gmt":"2025-08-28T15:25:34","slug":"invitacion-a-la-puesta-en-circulacion-de-la-obra-colon-el-converso-que-cambio-el-mundo-del-historiador-y-miembro-correspondiente-extranjero-estaban-mira-caballos","status":"publish","type":"post","link":"https:\/\/www.academiadominicanahistoria.org.do\/?p=3219","title":{"rendered":"Invitaci\u00f3n a la puesta en circulaci\u00f3n de la obra \u00abCol\u00f3n. El converso que cambi\u00f3 el mundo\u00bb, del historiador y miembro correspondiente extranjero Estaban Mira Caballos."},"content":{"rendered":"\n<figure class=\"wp-block-image size-large\"><img loading=\"lazy\" width=\"1024\" height=\"615\" src=\"https:\/\/www.academiadominicanahistoria.org.do\/wp-content\/uploads\/2025\/08\/Invitacion-1-1024x615.jpg\" alt=\"\" class=\"wp-image-3220\" srcset=\"https:\/\/www.academiadominicanahistoria.org.do\/wp-content\/uploads\/2025\/08\/Invitacion-1-1024x615.jpg 1024w, https:\/\/www.academiadominicanahistoria.org.do\/wp-content\/uploads\/2025\/08\/Invitacion-1-300x180.jpg 300w, https:\/\/www.academiadominicanahistoria.org.do\/wp-content\/uploads\/2025\/08\/Invitacion-1-768x461.jpg 768w, https:\/\/www.academiadominicanahistoria.org.do\/wp-content\/uploads\/2025\/08\/Invitacion-1.jpg 1446w\" sizes=\"(max-width: 1024px) 100vw, 1024px\" \/><figcaption><mark style=\"background-color:rgba(0, 0, 0, 0);color:#046a38\" class=\"has-inline-color\"><a><strong>Puesta en circulaci\u00f3n de la obra &#8211; \u00ab<em>Col\u00f3n, el converso que cambi\u00f3 el mundo\u00bb, del autor Esteban Mira Caballos<\/em><\/strong><\/a>. <a>Jueves 11 de septiembre de 2025, a las 6:00 p. m. en la <strong>sala A\u00edda Cartagena Portalat\u00edn de la Biblioteca Nacional Pedro Henr\u00edquez Ure\u00f1a<\/strong>.<\/a><\/mark><\/figcaption><\/figure>\n","protected":false},"excerpt":{"rendered":"","protected":false},"author":1,"featured_media":3222,"comment_status":"closed","ping_status":"closed","sticky":false,"template":"","format":"standard","meta":[],"categories":[6],"tags":[],"_links":{"self":[{"href":"https:\/\/www.academiadominicanahistoria.org.do\/index.php?rest_route=\/wp\/v2\/posts\/3219"}],"collection":[{"href":"https:\/\/www.academiadominicanahistoria.org.do\/index.php?rest_route=\/wp\/v2\/posts"}],"about":[{"href":"https:\/\/www.academiadominicanahistoria.org.do\/index.php?rest_route=\/wp\/v2\/types\/post"}],"author":[{"embeddable":true,"href":"https:\/\/www.academiadominicanahistoria.org.do\/index.php?rest_route=\/wp\/v2\/users\/1"}],"replies":[{"embeddable":true,"href":"https:\/\/www.academiadominicanahistoria.org.do\/index.php?rest_route=%2Fwp%2Fv2%2Fcomments&post=3219"}],"version-history":[{"count":6,"href":"https:\/\/www.academiadominicanahistoria.org.do\/index.php?rest_route=\/wp\/v2\/posts\/3219\/revisions"}],"predecessor-version":[{"id":3228,"href":"https:\/\/www.academiadominicanahistoria.org.do\/index.php?rest_route=\/wp\/v2\/posts\/3219\/revisions\/3228"}],"wp:featuredmedia":[{"embeddable":true,"href":"https:\/\/www.academiadominicanahistoria.org.do\/index.php?rest_route=\/wp\/v2\/media\/3222"}],"wp:attachment":[{"href":"https:\/\/www.academiadominicanahistoria.org.do\/index.php?rest_route=%2Fwp%2Fv2%2Fmedia&parent=3219"}],"wp:term":[{"taxonomy":"category","embeddable":true,"href":"https:\/\/www.academiadominicanahistoria.org.do\/index.php?rest_route=%2Fwp%2Fv2%2Fcategories&post=3219"},{"taxonomy":"post_tag","embeddable":true,"href":"https:\/\/www.academiadominicanahistoria.org.do\/index.php?rest_route=%2Fwp%2Fv2%2Ftags&post=3219"}],"curies":[{"name":"wp","href":"https:\/\/api.w.org\/{rel}","templated":true}]}}