{"id":3594,"date":"2026-04-29T18:55:02","date_gmt":"2026-04-29T18:55:02","guid":{"rendered":"https:\/\/www.academiadominicanahistoria.org.do\/?p=3594"},"modified":"2026-04-29T19:18:29","modified_gmt":"2026-04-29T19:18:29","slug":"conferencia-la-operatividad-estrategica-militar-del-entonces-coronel-antonio-duverge-en-la-batalla-de-azua-del-19-de-marzo-de-1844-por-el-miembro-correspondiente-nacional-el-mayor","status":"publish","type":"post","link":"https:\/\/www.academiadominicanahistoria.org.do\/?p=3594","title":{"rendered":"Conferencia \u201cLa operatividad estrat\u00e9gica militar del entonces coronel Antonio Duverg\u00e9 en la Batalla de Azua del 19 de marzo de 1844\u201d, por el miembro correspondiente nacional, el Mayor General (r) Dr. Rafael Leonidas P\u00e9rez y P\u00e9rez, ERD."},"content":{"rendered":"\n<figure class=\"wp-block-image size-full\"><img loading=\"lazy\" width=\"868\" height=\"674\" src=\"https:\/\/www.academiadominicanahistoria.org.do\/wp-content\/uploads\/2026\/04\/Foto01.jpeg\" alt=\"\" class=\"wp-image-3595\" srcset=\"https:\/\/www.academiadominicanahistoria.org.do\/wp-content\/uploads\/2026\/04\/Foto01.jpeg 868w, https:\/\/www.academiadominicanahistoria.org.do\/wp-content\/uploads\/2026\/04\/Foto01-300x233.jpeg 300w, https:\/\/www.academiadominicanahistoria.org.do\/wp-content\/uploads\/2026\/04\/Foto01-768x596.jpeg 768w\" sizes=\"(max-width: 868px) 100vw, 868px\" \/><figcaption>En el p\u00f3dium, Miguel Reyes S\u00e1nchez, presidente de la Academia Dominicana de la Historia y el conferencista Mayor General (r) Dr. Rafael Leonidas P\u00e9rez y P\u00e9rez, ERD<\/figcaption><\/figure>\n\n\n\n<p>El martes 22 de abril de 2026 se celebr\u00f3 la conferencia magistral titulada: \u201cEstrategia militar del entonces coronel Antonio Duverg\u00e9 en la Batalla de Azua del 19 de marzo de 1844\u201d, impartida por el Mayor General (r) Dr. Rafael Le\u00f3nidas P\u00e9rez y P\u00e9rez, ERD.<\/p>\n\n\n\n<figure class=\"wp-block-image size-large\"><img loading=\"lazy\" width=\"1024\" height=\"521\" src=\"https:\/\/www.academiadominicanahistoria.org.do\/wp-content\/uploads\/2026\/04\/Foto02-1024x521.jpeg\" alt=\"\" class=\"wp-image-3596\" srcset=\"https:\/\/www.academiadominicanahistoria.org.do\/wp-content\/uploads\/2026\/04\/Foto02-1024x521.jpeg 1024w, https:\/\/www.academiadominicanahistoria.org.do\/wp-content\/uploads\/2026\/04\/Foto02-300x153.jpeg 300w, https:\/\/www.academiadominicanahistoria.org.do\/wp-content\/uploads\/2026\/04\/Foto02-768x391.jpeg 768w, https:\/\/www.academiadominicanahistoria.org.do\/wp-content\/uploads\/2026\/04\/Foto02.jpeg 1179w\" sizes=\"(max-width: 1024px) 100vw, 1024px\" \/><figcaption>Miguel Reyes S\u00e1nchez, presidente de la Academia Dominicana de la Historia y el conferencista<br>el Mayor General (r) Dr. Rafael Leonidas P\u00e9rez y P\u00e9rez, ERD, junto a una comisi\u00f3n de las Fuerzas Armadas, compuesta por militares del Ej\u00e9rcito Nacional, Armada de la Rep\u00fablica Dominicana y la Fuerza A\u00e9rea Dominicana.<\/figcaption><\/figure>\n\n\n\n<p>La actividad tuvo lugar en el sal\u00f3n de actos de la instituci\u00f3n a las 11:00 de la ma\u00f1ana, con la asistencia de una nutrida comisi\u00f3n de las Fuerzas Armadas, compuesta por militares del Ej\u00e9rcito Nacional, Armada de la Rep\u00fablica Dominicana y la Fuerza A\u00e9rea Dominicana; estudiantes de la Escuela Parroquial Cardenal Beras Rojas, Escuela Rep\u00fablica de Argentina y el Centro de Excelencia Salom\u00e9 Ure\u00f1a; docentes e invitados especiales interesados en la historia militar dominicana.<\/p>\n\n\n\n<figure class=\"wp-block-image size-large\"><img loading=\"lazy\" width=\"1024\" height=\"547\" src=\"https:\/\/www.academiadominicanahistoria.org.do\/wp-content\/uploads\/2026\/04\/Foto04-1024x547.jpeg\" alt=\"\" class=\"wp-image-3597\" srcset=\"https:\/\/www.academiadominicanahistoria.org.do\/wp-content\/uploads\/2026\/04\/Foto04-1024x547.jpeg 1024w, https:\/\/www.academiadominicanahistoria.org.do\/wp-content\/uploads\/2026\/04\/Foto04-300x160.jpeg 300w, https:\/\/www.academiadominicanahistoria.org.do\/wp-content\/uploads\/2026\/04\/Foto04-768x410.jpeg 768w, https:\/\/www.academiadominicanahistoria.org.do\/wp-content\/uploads\/2026\/04\/Foto04.jpeg 1179w\" sizes=\"(max-width: 1024px) 100vw, 1024px\" \/><figcaption>Miguel Reyes S\u00e1nchez, presidente de la Academia Dominicana de la Historia y el conferencista<br>el Mayor General (r) Dr. Rafael Leonidas P\u00e9rez y P\u00e9rez, ERD, con los asistentes a la actividad.<\/figcaption><\/figure>\n\n\n\n<p>Esta disertaci\u00f3n forma parte del Ciclo de Conferencias Acad\u00e9micas, orientado a fortalecer el conocimiento hist\u00f3rico y la identidad nacional en las nuevas generaciones. En esta ocasi\u00f3n, contamos con la presencia de m\u00e1s de 150 asistentes.<\/p>\n\n\n\n<p>Durante su exposici\u00f3n el conferencista enfatiz\u00f3 en que: \u201cEl plan de la batalla fue trazado por Duverg\u00e9 con certero instinto militar\u201d.<\/p>\n\n\n\n<figure class=\"wp-block-image size-large\"><img loading=\"lazy\" width=\"1024\" height=\"510\" src=\"https:\/\/www.academiadominicanahistoria.org.do\/wp-content\/uploads\/2026\/04\/Foto03-1024x510.jpeg\" alt=\"\" class=\"wp-image-3598\" srcset=\"https:\/\/www.academiadominicanahistoria.org.do\/wp-content\/uploads\/2026\/04\/Foto03-1024x510.jpeg 1024w, https:\/\/www.academiadominicanahistoria.org.do\/wp-content\/uploads\/2026\/04\/Foto03-300x149.jpeg 300w, https:\/\/www.academiadominicanahistoria.org.do\/wp-content\/uploads\/2026\/04\/Foto03-768x382.jpeg 768w, https:\/\/www.academiadominicanahistoria.org.do\/wp-content\/uploads\/2026\/04\/Foto03.jpeg 1179w\" sizes=\"(max-width: 1024px) 100vw, 1024px\" \/><figcaption>Miguel Reyes S\u00e1nchez, presidente de la Academia Dominicana de la Historia y el conferencista<br>el Mayor General (r) Dr. Rafael Leonidas P\u00e9rez y P\u00e9rez, ERD con los estudiantes asistentes a la actividad.<\/figcaption><\/figure>\n\n\n\n<p>El Dr. P\u00e9rez y P\u00e9rez, subray\u00f3 que c\u00f3mo, pese a la inferioridad num\u00e9rica, las tropas nacionales lograron frenar el avance del ej\u00e9rcito haitiano liderado por Charles H\u00e9rard, mediante el uso efectivo de la sorpresa, la maniobra y la econom\u00eda de fuerzas.<\/p>\n\n\n\n<p>Al concluir la actividad, los asistentes participaron en \u201cun enriquecedor intercambio de preguntas, evidenciando el inter\u00e9s por profundizar en los procesos hist\u00f3ricos la Rep\u00fablica Dominicana\u201d.<\/p>\n","protected":false},"excerpt":{"rendered":"<p>El martes 22 de abril de 2026 se celebr\u00f3 la conferencia magistral titulada: \u201cEstrategia militar del entonces coronel Antonio Duverg\u00e9 en la Batalla de A<\/p>\n","protected":false},"author":1,"featured_media":3599,"comment_status":"closed","ping_status":"closed","sticky":false,"template":"","format":"standard","meta":[],"categories":[6],"tags":[],"_links":{"self":[{"href":"https:\/\/www.academiadominicanahistoria.org.do\/index.php?rest_route=\/wp\/v2\/posts\/3594"}],"collection":[{"href":"https:\/\/www.academiadominicanahistoria.org.do\/index.php?rest_route=\/wp\/v2\/posts"}],"about":[{"href":"https:\/\/www.academiadominicanahistoria.org.do\/index.php?rest_route=\/wp\/v2\/types\/post"}],"author":[{"embeddable":true,"href":"https:\/\/www.academiadominicanahistoria.org.do\/index.php?rest_route=\/wp\/v2\/users\/1"}],"replies":[{"embeddable":true,"href":"https:\/\/www.academiadominicanahistoria.org.do\/index.php?rest_route=%2Fwp%2Fv2%2Fcomments&post=3594"}],"version-history":[{"count":3,"href":"https:\/\/www.academiadominicanahistoria.org.do\/index.php?rest_route=\/wp\/v2\/posts\/3594\/revisions"}],"predecessor-version":[{"id":3602,"href":"https:\/\/www.academiadominicanahistoria.org.do\/index.php?rest_route=\/wp\/v2\/posts\/3594\/revisions\/3602"}],"wp:featuredmedia":[{"embeddable":true,"href":"https:\/\/www.academiadominicanahistoria.org.do\/index.php?rest_route=\/wp\/v2\/media\/3599"}],"wp:attachment":[{"href":"https:\/\/www.academiadominicanahistoria.org.do\/index.php?rest_route=%2Fwp%2Fv2%2Fmedia&parent=3594"}],"wp:term":[{"taxonomy":"category","embeddable":true,"href":"https:\/\/www.academiadominicanahistoria.org.do\/index.php?rest_route=%2Fwp%2Fv2%2Fcategories&post=3594"},{"taxonomy":"post_tag","embeddable":true,"href":"https:\/\/www.academiadominicanahistoria.org.do\/index.php?rest_route=%2Fwp%2Fv2%2Ftags&post=3594"}],"curies":[{"name":"wp","href":"https:\/\/api.w.org\/{rel}","templated":true}]}}