{"id":3603,"date":"2026-05-02T01:40:26","date_gmt":"2026-05-02T01:40:26","guid":{"rendered":"https:\/\/www.academiadominicanahistoria.org.do\/?p=3603"},"modified":"2026-05-02T01:40:28","modified_gmt":"2026-05-02T01:40:28","slug":"presidente-luis-abinader-condecora-postumamente-al-expresidente-ulises-francisco-espaillat","status":"publish","type":"post","link":"https:\/\/www.academiadominicanahistoria.org.do\/?p=3603","title":{"rendered":"Presidente Luis Abinader condecora p\u00f3stumamente al expresidente Ulises Francisco Espaillat"},"content":{"rendered":"\n<figure class=\"wp-block-image size-large\"><img loading=\"lazy\" width=\"1024\" height=\"948\" src=\"https:\/\/www.academiadominicanahistoria.org.do\/wp-content\/uploads\/2026\/05\/PresidentesAbinaderSanchez-1024x948.jpeg\" alt=\"\" class=\"wp-image-3605\" srcset=\"https:\/\/www.academiadominicanahistoria.org.do\/wp-content\/uploads\/2026\/05\/PresidentesAbinaderSanchez-1024x948.jpeg 1024w, https:\/\/www.academiadominicanahistoria.org.do\/wp-content\/uploads\/2026\/05\/PresidentesAbinaderSanchez-300x278.jpeg 300w, https:\/\/www.academiadominicanahistoria.org.do\/wp-content\/uploads\/2026\/05\/PresidentesAbinaderSanchez-768x711.jpeg 768w, https:\/\/www.academiadominicanahistoria.org.do\/wp-content\/uploads\/2026\/05\/PresidentesAbinaderSanchez.jpeg 1179w\" sizes=\"(max-width: 1024px) 100vw, 1024px\" \/><figcaption>Miguel Reyes S\u00e1nchez, presidente de la Academia Dominicana de la Historia, recibiendo la condecoraci\u00f3n por parte del presidente Luis Abinader, acompa\u00f1ado del ministro de Cultura Roberto \u00c1ngel Salcedo, para la custodia y exhibici\u00f3n en la sede de la Academia.<\/figcaption><\/figure>\n\n\n\n<p>El martes 29 de abril de 2026, el presidente de la Rep\u00fablica, Luis Abinader, condecor\u00f3 p\u00f3stumamente con la Orden del M\u00e9rito de Duarte, S\u00e1nchez y Mella, en el grado de Gran Cruz Placa de Oro, al expresidente Ulises Francisco Espaillat, en un acto solemne, celebrado en el sal\u00f3n Las Cari\u00e1tides del Palacio Nacional.<\/p>\n\n\n\n<figure class=\"wp-block-image size-large\"><img loading=\"lazy\" width=\"796\" height=\"1024\" src=\"https:\/\/www.academiadominicanahistoria.org.do\/wp-content\/uploads\/2026\/05\/PresidenteMiguelSanchez-796x1024.jpeg\" alt=\"\" class=\"wp-image-3606\" srcset=\"https:\/\/www.academiadominicanahistoria.org.do\/wp-content\/uploads\/2026\/05\/PresidenteMiguelSanchez-796x1024.jpeg 796w, https:\/\/www.academiadominicanahistoria.org.do\/wp-content\/uploads\/2026\/05\/PresidenteMiguelSanchez-233x300.jpeg 233w, https:\/\/www.academiadominicanahistoria.org.do\/wp-content\/uploads\/2026\/05\/PresidenteMiguelSanchez-768x988.jpeg 768w, https:\/\/www.academiadominicanahistoria.org.do\/wp-content\/uploads\/2026\/05\/PresidenteMiguelSanchez.jpeg 995w\" sizes=\"(max-width: 796px) 100vw, 796px\" \/><figcaption>Miguel Reyes S\u00e1nchez, presidente de la Academia Dominicana de la Historia.<\/figcaption><\/figure>\n\n\n\n<p>Esta alta distinci\u00f3n fue otorgada mediante el Decreto 279-26, de fecha 27 de abril de 2026, resaltando el legado \u00e9tico y ejemplar de la corta gesti\u00f3n gubernamental de Espaillat, de la que se conmemoraban 150 a\u00f1os.<\/p>\n\n\n\n<p>Cabe resaltar que mediante el Decreto 640-25 de fecha 5 de noviembre de 2025, el primer mandatario de la Naci\u00f3n, cre\u00f3 la Comisi\u00f3n para la Conmemoraci\u00f3n del Sesquicentenario del Gobierno de Ulises Francisco Espaillat.<\/p>\n\n\n\n<figure class=\"wp-block-image size-large\"><img loading=\"lazy\" width=\"1024\" height=\"644\" src=\"https:\/\/www.academiadominicanahistoria.org.do\/wp-content\/uploads\/2026\/05\/Historiadores-1024x644.jpeg\" alt=\"\" class=\"wp-image-3607\" srcset=\"https:\/\/www.academiadominicanahistoria.org.do\/wp-content\/uploads\/2026\/05\/Historiadores-1024x644.jpeg 1024w, https:\/\/www.academiadominicanahistoria.org.do\/wp-content\/uploads\/2026\/05\/Historiadores-300x189.jpeg 300w, https:\/\/www.academiadominicanahistoria.org.do\/wp-content\/uploads\/2026\/05\/Historiadores-768x483.jpeg 768w, https:\/\/www.academiadominicanahistoria.org.do\/wp-content\/uploads\/2026\/05\/Historiadores.jpeg 1179w\" sizes=\"(max-width: 1024px) 100vw, 1024px\" \/><figcaption>Los miembros de n\u00famero de la Academia Dominicana de la Historia: Mu Kien Sang Ben, Edwin Espinal, Eduardo J. Tejeda y Miguel Guerrero. Se visualiza a Juan Pablo Uribe.<\/figcaption><\/figure>\n\n\n\n<p>El presidente Abinader entreg\u00f3 las joyas y el diploma de la condecoraci\u00f3n a la Academia Dominicana de la Historia para su custodia y exhibici\u00f3n, las cuales fueron recibidas por Miguel Reyes S\u00e1nchez, presidente de la Academia, quien valor\u00f3 la iniciativa como un acto de justicia hist\u00f3rica que honra la memoria de uno de los m\u00e1s altos exponentes de la moral p\u00fablica en la naci\u00f3n dominicana.<\/p>\n\n\n\n<figure class=\"wp-block-image size-full\"><img loading=\"lazy\" width=\"910\" height=\"763\" src=\"https:\/\/www.academiadominicanahistoria.org.do\/wp-content\/uploads\/2026\/05\/AutoridadesAcademia-1.jpeg\" alt=\"\" class=\"wp-image-3609\" srcset=\"https:\/\/www.academiadominicanahistoria.org.do\/wp-content\/uploads\/2026\/05\/AutoridadesAcademia-1.jpeg 910w, https:\/\/www.academiadominicanahistoria.org.do\/wp-content\/uploads\/2026\/05\/AutoridadesAcademia-1-300x252.jpeg 300w, https:\/\/www.academiadominicanahistoria.org.do\/wp-content\/uploads\/2026\/05\/AutoridadesAcademia-1-768x644.jpeg 768w\" sizes=\"(max-width: 910px) 100vw, 910px\" \/><figcaption>Edwin Espinal, Dr. Juan Batlle y familia, Miguel Reyes S\u00e1nchez y Frank Moya Pons.<\/figcaption><\/figure>\n\n\n\n<figure class=\"wp-block-image size-full\"><img loading=\"lazy\" width=\"725\" height=\"750\" src=\"https:\/\/www.academiadominicanahistoria.org.do\/wp-content\/uploads\/2026\/05\/WenceslaoVega.jpeg\" alt=\"\" class=\"wp-image-3610\" srcset=\"https:\/\/www.academiadominicanahistoria.org.do\/wp-content\/uploads\/2026\/05\/WenceslaoVega.jpeg 725w, https:\/\/www.academiadominicanahistoria.org.do\/wp-content\/uploads\/2026\/05\/WenceslaoVega-290x300.jpeg 290w\" sizes=\"(max-width: 725px) 100vw, 725px\" \/><figcaption>Miguel Reyes S\u00e1nchez, Wenceslao Vega,<br>miembro de n\u00famero de la Academia Dominicana de la Historia y Clara Dobarro.<\/figcaption><\/figure>\n\n\n\n<p>En sus palabras, el jefe del estado subray\u00f3 \u201cque gobernar implica una profunda responsabilidad moral, se\u00f1alando que el ejemplo de Espaillat contin\u00faa siendo una gu\u00eda vigente para fortalecer la institucionalidad democr\u00e1tica y promover una gesti\u00f3n p\u00fablica basada en principios \u00e9ticos\u201d.<\/p>\n","protected":false},"excerpt":{"rendered":"<p>El martes 29 de abril de 2026, el presidente de la Rep\u00fablica, Luis Abinader, condecor\u00f3 p\u00f3stumamente con la Orden del M\u00e9rito de Duarte, S\u00e1nchez y Mella<\/p>\n","protected":false},"author":1,"featured_media":3612,"comment_status":"closed","ping_status":"closed","sticky":false,"template":"","format":"standard","meta":[],"categories":[6],"tags":[],"_links":{"self":[{"href":"https:\/\/www.academiadominicanahistoria.org.do\/index.php?rest_route=\/wp\/v2\/posts\/3603"}],"collection":[{"href":"https:\/\/www.academiadominicanahistoria.org.do\/index.php?rest_route=\/wp\/v2\/posts"}],"about":[{"href":"https:\/\/www.academiadominicanahistoria.org.do\/index.php?rest_route=\/wp\/v2\/types\/post"}],"author":[{"embeddable":true,"href":"https:\/\/www.academiadominicanahistoria.org.do\/index.php?rest_route=\/wp\/v2\/users\/1"}],"replies":[{"embeddable":true,"href":"https:\/\/www.academiadominicanahistoria.org.do\/index.php?rest_route=%2Fwp%2Fv2%2Fcomments&post=3603"}],"version-history":[{"count":1,"href":"https:\/\/www.academiadominicanahistoria.org.do\/index.php?rest_route=\/wp\/v2\/posts\/3603\/revisions"}],"predecessor-version":[{"id":3613,"href":"https:\/\/www.academiadominicanahistoria.org.do\/index.php?rest_route=\/wp\/v2\/posts\/3603\/revisions\/3613"}],"wp:featuredmedia":[{"embeddable":true,"href":"https:\/\/www.academiadominicanahistoria.org.do\/index.php?rest_route=\/wp\/v2\/media\/3612"}],"wp:attachment":[{"href":"https:\/\/www.academiadominicanahistoria.org.do\/index.php?rest_route=%2Fwp%2Fv2%2Fmedia&parent=3603"}],"wp:term":[{"taxonomy":"category","embeddable":true,"href":"https:\/\/www.academiadominicanahistoria.org.do\/index.php?rest_route=%2Fwp%2Fv2%2Fcategories&post=3603"},{"taxonomy":"post_tag","embeddable":true,"href":"https:\/\/www.academiadominicanahistoria.org.do\/index.php?rest_route=%2Fwp%2Fv2%2Ftags&post=3603"}],"curies":[{"name":"wp","href":"https:\/\/api.w.org\/{rel}","templated":true}]}}