{"id":3909,"date":"2026-09-01T16:53:20","date_gmt":"2026-09-01T16:53:20","guid":{"rendered":"https:\/\/www.academiadominicanahistoria.org.do\/?p=3909"},"modified":"2026-09-01T16:53:21","modified_gmt":"2026-09-01T16:53:21","slug":"la-academia-dominicana-de-la-historia-ingresa-a-alberto-despradel-cabral-como-miembro-correspondiente-nacional","status":"publish","type":"post","link":"https:\/\/www.academiadominicanahistoria.org.do\/?p=3909","title":{"rendered":"La Academia Dominicana de la Historia ingresa a Alberto Despradel Cabral como miembro correspondiente nacional"},"content":{"rendered":"<div class=\"wp-block-image\">\n<figure class=\"aligncenter size-large\"><img loading=\"lazy\" width=\"810\" height=\"1024\" src=\"https:\/\/www.academiadominicanahistoria.org.do\/wp-content\/uploads\/2026\/09\/Certificado-810x1024.jpeg\" alt=\"\" class=\"wp-image-3910\" srcset=\"https:\/\/www.academiadominicanahistoria.org.do\/wp-content\/uploads\/2026\/09\/Certificado-810x1024.jpeg 810w, https:\/\/www.academiadominicanahistoria.org.do\/wp-content\/uploads\/2026\/09\/Certificado-237x300.jpeg 237w, https:\/\/www.academiadominicanahistoria.org.do\/wp-content\/uploads\/2026\/09\/Certificado-768x970.jpeg 768w, https:\/\/www.academiadominicanahistoria.org.do\/wp-content\/uploads\/2026\/09\/Certificado.jpeg 1013w\" sizes=\"(max-width: 810px) 100vw, 810px\" \/><figcaption>Miguel Reyes S\u00e1nchez, presidente de la Academia Dominicana de la Historia, y Eduardo J. Tejera, vicepresidente de la instituci\u00f3n, haciendo entrega a Alberto Despradel Cabral del certificado que acredita su ingreso como miembro correspondiente nacional.<\/figcaption><\/figure><\/div>\n\n\n<p>La Academia Dominicana de la Historia incorpor\u00f3 a Alberto Despradel Cabral como miembro correspondiente nacional, durante un acto solemne celebrado el pasado lunes 24 de agosto de 2026 en la Biblioteca Nacional Pedro Henr\u00edquez Ure\u00f1a, donde el historiador pronunci\u00f3 su discurso de ingreso sobre \u201cGuy-Joseph Bonnet y la unificaci\u00f3n de la isla de 1822\u201d.<br>El presidente de la Academia Dominicana de la Historia, Miguel Reyes S\u00e1nchez, destac\u00f3 que el ingreso de Despradel Cabral re\u00fane dos dimensiones que han acompa\u00f1ado buena parte de su trayectoria: el servicio diplom\u00e1tico a la Rep\u00fablica Dominicana y una sostenida vocaci\u00f3n por el estudio de la historia nacional.<br>Reyes S\u00e1nchez se\u00f1al\u00f3 que ha tenido el privilegio de compartir con Alberto Despradel Cabral numerosas investigaciones, entre las cuales se encuentran Historia de las relaciones dom\u00ednico-haitianas, La diplomacia insular y su obra m\u00e1s reciente Historia de la frontera dominico-haitiana. Estos tres libros han merecido el Premio Nacional de Historia Jos\u00e9 Gabriel Garc\u00eda en el 2010, en el 2015 y en la \u00faltima versi\u00f3n del 2024, respectivamente.<\/p>\n\n\n<div class=\"wp-block-image\">\n<figure class=\"aligncenter size-large\"><img loading=\"lazy\" width=\"631\" height=\"1024\" src=\"https:\/\/www.academiadominicanahistoria.org.do\/wp-content\/uploads\/2026\/09\/SrMiguelReyes-631x1024.jpeg\" alt=\"\" class=\"wp-image-3911\" srcset=\"https:\/\/www.academiadominicanahistoria.org.do\/wp-content\/uploads\/2026\/09\/SrMiguelReyes-631x1024.jpeg 631w, https:\/\/www.academiadominicanahistoria.org.do\/wp-content\/uploads\/2026\/09\/SrMiguelReyes-185x300.jpeg 185w, https:\/\/www.academiadominicanahistoria.org.do\/wp-content\/uploads\/2026\/09\/SrMiguelReyes-768x1246.jpeg 768w, https:\/\/www.academiadominicanahistoria.org.do\/wp-content\/uploads\/2026\/09\/SrMiguelReyes.jpeg 789w\" sizes=\"(max-width: 631px) 100vw, 631px\" \/><figcaption>Miguel Reyes S\u00e1nchez, presidente de la Academia Dominicana de la Historia, durante su discurso.<\/figcaption><\/figure><\/div>\n\n\n<p>Al darle la bienvenida a la instituci\u00f3n, el presidente destac\u00f3 que la incorporaci\u00f3n de Despradel Cabral representa el reconocimiento a una trayectoria de servicio a la Rep\u00fablica y de dedicaci\u00f3n al conocimiento de su pasado, pero tambi\u00e9n un compromiso con el futuro de la historiograf\u00eda nacional. En su discurso de ingreso, Despradel Cabral abord\u00f3 la unificaci\u00f3n pol\u00edtica de la isla en 1822 y centr\u00f3 su atenci\u00f3n en Guy-Joseph Bonnet, examinando las circunstancias y perspectivas relacionadas con aquel proceso hist\u00f3rico. Su exposici\u00f3n plante\u00f3 la necesidad de acudir a las fuentes y reconstruir los contextos para procurar una comprensi\u00f3n m\u00e1s amplia de los acontecimientos.<\/p>\n\n\n<div class=\"wp-block-image\">\n<figure class=\"aligncenter size-large\"><img loading=\"lazy\" width=\"1024\" height=\"632\" src=\"https:\/\/www.academiadominicanahistoria.org.do\/wp-content\/uploads\/2026\/09\/ADHMesaprincipal-1024x632.jpeg\" alt=\"\" class=\"wp-image-3912\" srcset=\"https:\/\/www.academiadominicanahistoria.org.do\/wp-content\/uploads\/2026\/09\/ADHMesaprincipal-1024x632.jpeg 1024w, https:\/\/www.academiadominicanahistoria.org.do\/wp-content\/uploads\/2026\/09\/ADHMesaprincipal-300x185.jpeg 300w, https:\/\/www.academiadominicanahistoria.org.do\/wp-content\/uploads\/2026\/09\/ADHMesaprincipal-768x474.jpeg 768w, https:\/\/www.academiadominicanahistoria.org.do\/wp-content\/uploads\/2026\/09\/ADHMesaprincipal.jpeg 1179w\" sizes=\"(max-width: 1024px) 100vw, 1024px\" \/><figcaption>Mesa principal.<\/figcaption><\/figure><\/div>\n\n\n<p>El nuevo acad\u00e9mico sostuvo que reconocer la complejidad de este per\u00edodo no significa diluir responsabilidades ni negar la experiencia dominicana de la ocupaci\u00f3n, sino reconstruir los hechos con rigor hist\u00f3rico y a partir de la documentaci\u00f3n disponible.<\/p>\n\n\n\n<p>Al concluir el discurso de ingreso, Miguel Reyes S\u00e1nchez, presidente de la Academia Dominicana de la Historia entreg\u00f3 a Despradel Cabral el certificado correspondiente y procedi\u00f3 a la colocaci\u00f3n del bot\u00f3n acad\u00e9mico.<\/p>\n\n\n<div class=\"wp-block-image\">\n<figure class=\"aligncenter size-large\"><img loading=\"lazy\" width=\"1024\" height=\"658\" src=\"https:\/\/www.academiadominicanahistoria.org.do\/wp-content\/uploads\/2026\/09\/AutoridadesADHColaborador-1024x658.jpeg\" alt=\"\" class=\"wp-image-3913\" srcset=\"https:\/\/www.academiadominicanahistoria.org.do\/wp-content\/uploads\/2026\/09\/AutoridadesADHColaborador-1024x658.jpeg 1024w, https:\/\/www.academiadominicanahistoria.org.do\/wp-content\/uploads\/2026\/09\/AutoridadesADHColaborador-300x193.jpeg 300w, https:\/\/www.academiadominicanahistoria.org.do\/wp-content\/uploads\/2026\/09\/AutoridadesADHColaborador-768x494.jpeg 768w, https:\/\/www.academiadominicanahistoria.org.do\/wp-content\/uploads\/2026\/09\/AutoridadesADHColaborador.jpeg 1178w\" sizes=\"(max-width: 1024px) 100vw, 1024px\" \/><figcaption>De izquierda a derecha: Alberto Despradel Cabral, nuevo miembro correspondiente nacional; Miguel Reyes S\u00e1nchez, presidente de la Academia Dominicana de la Historia, y Eduardo J. Tejera, vicepresidente de la instituci\u00f3n.<\/figcaption><\/figure><\/div>","protected":false},"excerpt":{"rendered":"<p>a Academia Dominicana de la Historia incorpor\u00f3 a Alberto Despradel Cabral como miembro correspondiente nacional, durante un acto solemne celebrado el pasa<\/p>\n","protected":false},"author":1,"featured_media":3914,"comment_status":"closed","ping_status":"closed","sticky":false,"template":"","format":"standard","meta":[],"categories":[6],"tags":[],"_links":{"self":[{"href":"https:\/\/www.academiadominicanahistoria.org.do\/index.php?rest_route=\/wp\/v2\/posts\/3909"}],"collection":[{"href":"https:\/\/www.academiadominicanahistoria.org.do\/index.php?rest_route=\/wp\/v2\/posts"}],"about":[{"href":"https:\/\/www.academiadominicanahistoria.org.do\/index.php?rest_route=\/wp\/v2\/types\/post"}],"author":[{"embeddable":true,"href":"https:\/\/www.academiadominicanahistoria.org.do\/index.php?rest_route=\/wp\/v2\/users\/1"}],"replies":[{"embeddable":true,"href":"https:\/\/www.academiadominicanahistoria.org.do\/index.php?rest_route=%2Fwp%2Fv2%2Fcomments&post=3909"}],"version-history":[{"count":1,"href":"https:\/\/www.academiadominicanahistoria.org.do\/index.php?rest_route=\/wp\/v2\/posts\/3909\/revisions"}],"predecessor-version":[{"id":3915,"href":"https:\/\/www.academiadominicanahistoria.org.do\/index.php?rest_route=\/wp\/v2\/posts\/3909\/revisions\/3915"}],"wp:featuredmedia":[{"embeddable":true,"href":"https:\/\/www.academiadominicanahistoria.org.do\/index.php?rest_route=\/wp\/v2\/media\/3914"}],"wp:attachment":[{"href":"https:\/\/www.academiadominicanahistoria.org.do\/index.php?rest_route=%2Fwp%2Fv2%2Fmedia&parent=3909"}],"wp:term":[{"taxonomy":"category","embeddable":true,"href":"https:\/\/www.academiadominicanahistoria.org.do\/index.php?rest_route=%2Fwp%2Fv2%2Fcategories&post=3909"},{"taxonomy":"post_tag","embeddable":true,"href":"https:\/\/www.academiadominicanahistoria.org.do\/index.php?rest_route=%2Fwp%2Fv2%2Ftags&post=3909"}],"curies":[{"name":"wp","href":"https:\/\/api.w.org\/{rel}","templated":true}]}}