{"id":3920,"date":"2026-09-01T18:16:42","date_gmt":"2026-09-01T18:16:42","guid":{"rendered":"https:\/\/www.academiadominicanahistoria.org.do\/?p=3920"},"modified":"2026-09-01T18:20:04","modified_gmt":"2026-09-01T18:20:04","slug":"academia-dominicana-de-la-historia-felicita-al-academico-arturo-martinez-moya","status":"publish","type":"post","link":"https:\/\/www.academiadominicanahistoria.org.do\/?p=3920","title":{"rendered":"Academia Dominicana de la Historia felicita al acad\u00e9mico Arturo Mart\u00ednez Moya"},"content":{"rendered":"\n<figure class=\"wp-block-image size-full\"><img loading=\"lazy\" width=\"685\" height=\"799\" src=\"https:\/\/www.academiadominicanahistoria.org.do\/wp-content\/uploads\/2026\/09\/MartinezMoya.jpg\" alt=\"\" class=\"wp-image-3921\" srcset=\"https:\/\/www.academiadominicanahistoria.org.do\/wp-content\/uploads\/2026\/09\/MartinezMoya.jpg 685w, https:\/\/www.academiadominicanahistoria.org.do\/wp-content\/uploads\/2026\/09\/MartinezMoya-257x300.jpg 257w\" sizes=\"(max-width: 685px) 100vw, 685px\" \/><figcaption> Arturo Mart\u00ednez Moya<\/figcaption><\/figure>\n\n\n\n<p>La Academia Dominicana de la Historia felicita al acad\u00e9mico Arturo Mart\u00ednez Moya, miembro correspondiente nacional de esta instituci\u00f3n, por su participaci\u00f3n en la obra colectiva <em>Az\u00facar, capital y comercio: din\u00e1micas financieras de las crisis caribe\u00f1as, siglos XIX y XX<\/em>, que forma parte de la colecci\u00f3n <em>Historia contempor\u00e1nea de Am\u00e9rica<\/em>, publicada recientemente por la prestigiosa editorial espa\u00f1ola Marcial Pons. <\/p>\n\n\n\n<p>El acad\u00e9mico Mart\u00ednez Moya es autor del cap\u00edtulo 8, titulado \u00abDominicana: crisis de deuda p\u00fablica y p\u00e9rdida de soberan\u00eda, periodos 1880-1900 y 1905-1915\u00bb, investigaci\u00f3n en la que aborda un per\u00edodo de especial relevancia para la comprensi\u00f3n de la historia econ\u00f3mica y pol\u00edtica de la Rep\u00fablica Dominicana.<\/p>\n","protected":false},"excerpt":{"rendered":"<p>La Academia Dominicana de la Historia felicita al acad\u00e9mico Arturo Mart\u00ednez Moya, miembro correspondiente nacional de esta instituci\u00f3n, por su participa<\/p>\n","protected":false},"author":1,"featured_media":3922,"comment_status":"closed","ping_status":"closed","sticky":false,"template":"","format":"standard","meta":[],"categories":[6],"tags":[],"_links":{"self":[{"href":"https:\/\/www.academiadominicanahistoria.org.do\/index.php?rest_route=\/wp\/v2\/posts\/3920"}],"collection":[{"href":"https:\/\/www.academiadominicanahistoria.org.do\/index.php?rest_route=\/wp\/v2\/posts"}],"about":[{"href":"https:\/\/www.academiadominicanahistoria.org.do\/index.php?rest_route=\/wp\/v2\/types\/post"}],"author":[{"embeddable":true,"href":"https:\/\/www.academiadominicanahistoria.org.do\/index.php?rest_route=\/wp\/v2\/users\/1"}],"replies":[{"embeddable":true,"href":"https:\/\/www.academiadominicanahistoria.org.do\/index.php?rest_route=%2Fwp%2Fv2%2Fcomments&post=3920"}],"version-history":[{"count":6,"href":"https:\/\/www.academiadominicanahistoria.org.do\/index.php?rest_route=\/wp\/v2\/posts\/3920\/revisions"}],"predecessor-version":[{"id":3932,"href":"https:\/\/www.academiadominicanahistoria.org.do\/index.php?rest_route=\/wp\/v2\/posts\/3920\/revisions\/3932"}],"wp:featuredmedia":[{"embeddable":true,"href":"https:\/\/www.academiadominicanahistoria.org.do\/index.php?rest_route=\/wp\/v2\/media\/3922"}],"wp:attachment":[{"href":"https:\/\/www.academiadominicanahistoria.org.do\/index.php?rest_route=%2Fwp%2Fv2%2Fmedia&parent=3920"}],"wp:term":[{"taxonomy":"category","embeddable":true,"href":"https:\/\/www.academiadominicanahistoria.org.do\/index.php?rest_route=%2Fwp%2Fv2%2Fcategories&post=3920"},{"taxonomy":"post_tag","embeddable":true,"href":"https:\/\/www.academiadominicanahistoria.org.do\/index.php?rest_route=%2Fwp%2Fv2%2Ftags&post=3920"}],"curies":[{"name":"wp","href":"https:\/\/api.w.org\/{rel}","templated":true}]}}