{"id":3940,"date":"2026-09-04T19:52:00","date_gmt":"2026-09-04T19:52:00","guid":{"rendered":"https:\/\/www.academiadominicanahistoria.org.do\/?p=3940"},"modified":"2026-09-04T19:52:02","modified_gmt":"2026-09-04T19:52:02","slug":"miguel-reyes-sanchez-presidente-de-la-academia-dominicana-de-la-historia-destaca-aportes-de-la-obra-despues-de-trujillo-un-lustro-convulso-1961-1966","status":"publish","type":"post","link":"https:\/\/www.academiadominicanahistoria.org.do\/?p=3940","title":{"rendered":"Miguel Reyes S\u00e1nchez, presidente de la Academia Dominicana de la Historia, destaca aportes de la obra Despu\u00e9s de Trujillo. Un lustro convulso, 1961-1966."},"content":{"rendered":"<div class=\"wp-block-image\">\n<figure class=\"aligncenter size-large\"><img loading=\"lazy\" width=\"768\" height=\"1024\" src=\"https:\/\/www.academiadominicanahistoria.org.do\/wp-content\/uploads\/2026\/09\/MiguelReyesSanchez-AntolianoPeralta-768x1024.jpg\" alt=\"\" class=\"wp-image-3941\" srcset=\"https:\/\/www.academiadominicanahistoria.org.do\/wp-content\/uploads\/2026\/09\/MiguelReyesSanchez-AntolianoPeralta-768x1024.jpg 768w, https:\/\/www.academiadominicanahistoria.org.do\/wp-content\/uploads\/2026\/09\/MiguelReyesSanchez-AntolianoPeralta-225x300.jpg 225w, https:\/\/www.academiadominicanahistoria.org.do\/wp-content\/uploads\/2026\/09\/MiguelReyesSanchez-AntolianoPeralta.jpg 1148w\" sizes=\"(max-width: 768px) 100vw, 768px\" \/><figcaption>Miguel Reyes S\u00e1nchez, presidente de la Academia Dominicana de la Historia junto a Antoliano Peralta, autor de la obra.<\/figcaption><\/figure><\/div>\n\n\n<p>El presidente de la Academia Dominicana de la Historia, Miguel Reyes S\u00e1nchez, destac\u00f3 el valor hist\u00f3rico de la obra <em>Despu\u00e9s de Trujillo. Un lustro convulso, 1961-1966<\/em>, del jurista e historiador Antoliano Peralta Romero, durante el acto de puesta en circulaci\u00f3n celebrado el pasado jueves 3 de septiembre de 2026.<\/p>\n\n\n\n<p>En sus palabras, Reyes S\u00e1nchez resalt\u00f3 que existen per\u00edodos de la historia en los que unos pocos a\u00f1os parecen contener varias d\u00e9cadas, debido a la intensidad y rapidez con que se suceden los acontecimientos. Se\u00f1al\u00f3 que son momentos en los cuales las estructuras conocidas se derrumban y la sociedad se ve obligada a preguntarse, de manera casi s\u00fabita, qu\u00e9 camino desea recorrer.<\/p>\n\n\n\n<p>En ese sentido, explic\u00f3 que, en apenas cinco a\u00f1os, la Rep\u00fablica Dominicana vivi\u00f3 acontecimientos decisivos que marcaron profundamente su devenir pol\u00edtico y social: la salida definitiva de la familia Trujillo del poder, la instauraci\u00f3n del Consejo de Estado, las elecciones libres de diciembre de 1962, el gobierno de Juan Bosch y la Constituci\u00f3n de 1963, el golpe de Estado de septiembre de ese mismo a\u00f1o, el r\u00e9gimen del Triunvirato, la Revoluci\u00f3n de Abril de 1965, la guerra civil y la intervenci\u00f3n militar de los Estados Unidos, el gobierno provisional encabezado por H\u00e9ctor Garc\u00eda-Godoy y, finalmente, las elecciones de 1966, que llevaron a Joaqu\u00edn Balaguer a la Presidencia de la Rep\u00fablica.<\/p>\n\n\n<div class=\"wp-block-image\">\n<figure class=\"aligncenter size-large\"><img loading=\"lazy\" width=\"768\" height=\"1024\" src=\"https:\/\/www.academiadominicanahistoria.org.do\/wp-content\/uploads\/2026\/09\/PresidenteADH-768x1024.jpg\" alt=\"\" class=\"wp-image-3942\" srcset=\"https:\/\/www.academiadominicanahistoria.org.do\/wp-content\/uploads\/2026\/09\/PresidenteADH-768x1024.jpg 768w, https:\/\/www.academiadominicanahistoria.org.do\/wp-content\/uploads\/2026\/09\/PresidenteADH-225x300.jpg 225w, https:\/\/www.academiadominicanahistoria.org.do\/wp-content\/uploads\/2026\/09\/PresidenteADH-1152x1536.jpg 1152w, https:\/\/www.academiadominicanahistoria.org.do\/wp-content\/uploads\/2026\/09\/PresidenteADH-1536x2048.jpg 1536w, https:\/\/www.academiadominicanahistoria.org.do\/wp-content\/uploads\/2026\/09\/PresidenteADH.jpg 1572w\" sizes=\"(max-width: 768px) 100vw, 768px\" \/><figcaption>Miguel Reyes S\u00e1nchez, presidente de la Academia, durante su discurso.<\/figcaption><\/figure><\/div>\n\n\n<p>El presidente de la Academia Dominicana de la Historia valor\u00f3 la publicaci\u00f3n de la obra, que calific\u00f3 de bien escrita y documentada, al considerar que aporta una nueva mirada sobre acontecimientos fundamentales de la historia contempor\u00e1nea dominicana.<\/p>\n\n\n<div class=\"wp-block-image\">\n<figure class=\"aligncenter size-large\"><img loading=\"lazy\" width=\"1024\" height=\"672\" src=\"https:\/\/www.academiadominicanahistoria.org.do\/wp-content\/uploads\/2026\/09\/Publicopresente-1024x672.jpg\" alt=\"\" class=\"wp-image-3943\" srcset=\"https:\/\/www.academiadominicanahistoria.org.do\/wp-content\/uploads\/2026\/09\/Publicopresente-1024x672.jpg 1024w, https:\/\/www.academiadominicanahistoria.org.do\/wp-content\/uploads\/2026\/09\/Publicopresente-300x197.jpg 300w, https:\/\/www.academiadominicanahistoria.org.do\/wp-content\/uploads\/2026\/09\/Publicopresente-768x504.jpg 768w, https:\/\/www.academiadominicanahistoria.org.do\/wp-content\/uploads\/2026\/09\/Publicopresente.jpg 1179w\" sizes=\"(max-width: 1024px) 100vw, 1024px\" \/><figcaption>De izquierda a derecha: Miguel Reyes S\u00e1nchez, presidente de la Academia Dominicana de la Historia; Miguel Guerrero, secretario de la instituci\u00f3n; y Juan Daniel Balc\u00e1cer, expresidente.<\/figcaption><\/figure><\/div>\n\n\n<p>\u201cLibros como el que Antoliano Peralta Romero pone hoy en nuestras manos nos permiten regresar a ese pasado no para permanecer en \u00e9l, sino para comprender mejor el pa\u00eds que somos y la Rep\u00fablica Dominicana que todav\u00eda estamos llamados a construir\u201d, expres\u00f3 Reyes S\u00e1nchez.<\/p>\n\n\n\n<p>En la actividad tambi\u00e9n participaron el secretario de la Academia Dominicana de la Historia, Miguel Guerrero, quien tuvo a su cargo la presentaci\u00f3n de la obra, y el expresidente de la instituci\u00f3n, Juan Daniel Balc\u00e1cer, autor del pr\u00f3logo de la publicaci\u00f3n.<\/p>\n","protected":false},"excerpt":{"rendered":"<p>El presidente de la Academia Dominicana de la Historia, Miguel Reyes S\u00e1nchez, destac\u00f3 el valor hist\u00f3rico de la obra Despu\u00e9s de Trujillo. Un lustro conv<\/p>\n","protected":false},"author":1,"featured_media":3944,"comment_status":"closed","ping_status":"closed","sticky":false,"template":"","format":"standard","meta":[],"categories":[6],"tags":[],"_links":{"self":[{"href":"https:\/\/www.academiadominicanahistoria.org.do\/index.php?rest_route=\/wp\/v2\/posts\/3940"}],"collection":[{"href":"https:\/\/www.academiadominicanahistoria.org.do\/index.php?rest_route=\/wp\/v2\/posts"}],"about":[{"href":"https:\/\/www.academiadominicanahistoria.org.do\/index.php?rest_route=\/wp\/v2\/types\/post"}],"author":[{"embeddable":true,"href":"https:\/\/www.academiadominicanahistoria.org.do\/index.php?rest_route=\/wp\/v2\/users\/1"}],"replies":[{"embeddable":true,"href":"https:\/\/www.academiadominicanahistoria.org.do\/index.php?rest_route=%2Fwp%2Fv2%2Fcomments&post=3940"}],"version-history":[{"count":1,"href":"https:\/\/www.academiadominicanahistoria.org.do\/index.php?rest_route=\/wp\/v2\/posts\/3940\/revisions"}],"predecessor-version":[{"id":3945,"href":"https:\/\/www.academiadominicanahistoria.org.do\/index.php?rest_route=\/wp\/v2\/posts\/3940\/revisions\/3945"}],"wp:featuredmedia":[{"embeddable":true,"href":"https:\/\/www.academiadominicanahistoria.org.do\/index.php?rest_route=\/wp\/v2\/media\/3944"}],"wp:attachment":[{"href":"https:\/\/www.academiadominicanahistoria.org.do\/index.php?rest_route=%2Fwp%2Fv2%2Fmedia&parent=3940"}],"wp:term":[{"taxonomy":"category","embeddable":true,"href":"https:\/\/www.academiadominicanahistoria.org.do\/index.php?rest_route=%2Fwp%2Fv2%2Fcategories&post=3940"},{"taxonomy":"post_tag","embeddable":true,"href":"https:\/\/www.academiadominicanahistoria.org.do\/index.php?rest_route=%2Fwp%2Fv2%2Ftags&post=3940"}],"curies":[{"name":"wp","href":"https:\/\/api.w.org\/{rel}","templated":true}]}}